{"id":934,"date":"2014-02-06T10:18:16","date_gmt":"2014-02-06T09:18:16","guid":{"rendered":"http:\/\/transylwine.hu\/?p=934"},"modified":"2014-11-07T12:25:25","modified_gmt":"2014-11-07T11:25:25","slug":"erdelyi-bor-lakoma-gepard-es-urhajo-borbisztroban-recas-borokkal","status":"publish","type":"post","link":"http:\/\/transylwine.hu\/index.php\/erdelyi-bor-lakoma-gepard-es-urhajo-borbisztroban-recas-borokkal\/","title":{"rendered":"<!--:hu-->Erd\u00e9lyi bor-lakoma a Gep\u00e1rd \u00e9s \u0170rhaj\u00f3ban<!--:-->"},"content":{"rendered":"<p><!--:hu--><a title=\"K\u00f6vi P\u00e1l\" href=\"http:\/\/www.agt.bme.hu\/balassi\/Kovi_eletrajz.html\" target=\"_blank\">K\u00f6vi P\u00e1l <\/a>eml\u00e9k\u00e9re\u00a0erd\u00e9lyi bor-lakom\u00e1t szervezett a <a href=\"http:\/\/www.gepardesurhajo.com\" target=\"_blank\">Gep\u00e1r \u00e9s \u0170rhaj\u00f3 <\/a>borbisztr\u00f3 2014. febru\u00e1r 13-\u00e1n. Az \u00e9telk\u00fcl\u00f6nlegess\u00e9geket m\u00e9lt\u00f3n eg\u00e9sz\u00edtett\u00e9k ki a Recas pince\u00a0sz\u00e9p borai.<\/p>\n<p style=\"text-align: center;\"><img loading=\"lazy\" class=\"aligncenter size-full wp-image-935\" src=\"http:\/\/transylwine.hu\/wp-content\/uploads\/2014\/02\/ERDELYI_borlakoma_FB-1.jpg\" alt=\"ERDELYI_borlakoma_FB-1\" width=\"728\" height=\"728\" srcset=\"http:\/\/transylwine.hu\/wp-content\/uploads\/2014\/02\/ERDELYI_borlakoma_FB-1.jpg 728w, http:\/\/transylwine.hu\/wp-content\/uploads\/2014\/02\/ERDELYI_borlakoma_FB-1-100x100.jpg 100w, http:\/\/transylwine.hu\/wp-content\/uploads\/2014\/02\/ERDELYI_borlakoma_FB-1-300x300.jpg 300w, http:\/\/transylwine.hu\/wp-content\/uploads\/2014\/02\/ERDELYI_borlakoma_FB-1-176x176.jpg 176w, http:\/\/transylwine.hu\/wp-content\/uploads\/2014\/02\/ERDELYI_borlakoma_FB-1-114x114.jpg 114w\" sizes=\"(max-width: 728px) 100vw, 728px\" \/><a id=\"set-post-thumbnail\" title=\"Kiemelt k\u00e9p be\u00e1ll\u00edt\u00e1sa\" href=\"http:\/\/transylwine.hu\/wp-admin\/media-upload.php?post_id=934&amp;type=image&amp;TB_iframe=1\"><\/a><\/p>\n<p><!--:--><\/p>\n","protected":false},"excerpt":{"rendered":"<p>K\u00f6vi P\u00e1l eml\u00e9k\u00e9re\u00a0erd\u00e9lyi bor-lakom\u00e1t szervezett a Gep\u00e1r \u00e9s \u0170rhaj\u00f3 borbisztr\u00f3 2014. febru\u00e1r 13-\u00e1n. Az \u00e9telk\u00fcl\u00f6nlegess\u00e9geket m\u00e9lt\u00f3n eg\u00e9sz\u00edtett\u00e9k ki a Recas pince\u00a0sz\u00e9p borai.<\/p>\n","protected":false},"author":2,"featured_media":935,"comment_status":"closed","ping_status":"closed","sticky":false,"template":"","format":"standard","meta":{"_monsterinsights_skip_tracking":false,"_monsterinsights_sitenote_active":false,"_monsterinsights_sitenote_note":"","_monsterinsights_sitenote_category":0},"categories":[1],"tags":[],"yoast_head":"<!-- This site is optimized with the Yoast SEO plugin v17.9 - https:\/\/yoast.com\/wordpress\/plugins\/seo\/ -->\n<title>Erd\u00e9lyi bor-lakoma a Gep\u00e1rd \u00e9s \u0170rhaj\u00f3ban - Transylwine Kft.<\/title>\n<meta name=\"description\" content=\"K\u00f6vi P\u00e1l eml\u00e9k\u00e9re\u00a0erd\u00e9lyi bor-lakom\u00e1t szervezett a Gep\u00e1r \u00e9s \u0170rhaj\u00f3 borbisztr\u00f3 2014. febru\u00e1r 13-\u00e1n. Az \u00e9telk\u00fcl\u00f6nlegess\u00e9geket m\u00e9lt\u00f3n eg\u00e9sz\u00edtett\u00e9k ki a Recas\" \/>\n<meta name=\"robots\" content=\"index, follow, max-snippet:-1, max-image-preview:large, max-video-preview:-1\" \/>\n<link rel=\"canonical\" href=\"http:\/\/transylwine.hu\/index.php\/erdelyi-bor-lakoma-gepard-es-urhajo-borbisztroban-recas-borokkal\/\" \/>\n<meta property=\"og:locale\" content=\"hu_HU\" \/>\n<meta property=\"og:type\" content=\"article\" \/>\n<meta property=\"og:title\" content=\"Erd\u00e9lyi bor-lakoma a Gep\u00e1rd \u00e9s \u0170rhaj\u00f3ban - Transylwine Kft.\" \/>\n<meta property=\"og:description\" content=\"K\u00f6vi P\u00e1l eml\u00e9k\u00e9re\u00a0erd\u00e9lyi bor-lakom\u00e1t szervezett a Gep\u00e1r \u00e9s \u0170rhaj\u00f3 borbisztr\u00f3 2014. febru\u00e1r 13-\u00e1n. Az \u00e9telk\u00fcl\u00f6nlegess\u00e9geket m\u00e9lt\u00f3n eg\u00e9sz\u00edtett\u00e9k ki a Recas\" \/>\n<meta property=\"og:url\" content=\"http:\/\/transylwine.hu\/index.php\/erdelyi-bor-lakoma-gepard-es-urhajo-borbisztroban-recas-borokkal\/\" \/>\n<meta property=\"og:site_name\" content=\"Transylwine Kft.\" \/>\n<meta property=\"article:published_time\" content=\"2014-02-06T09:18:16+00:00\" \/>\n<meta property=\"article:modified_time\" content=\"2014-11-07T11:25:25+00:00\" \/>\n<meta property=\"og:image\" content=\"http:\/\/transylwine.hu\/wp-content\/uploads\/2014\/02\/ERDELYI_borlakoma_FB-1.jpg\" \/>\n\t<meta property=\"og:image:width\" content=\"728\" \/>\n\t<meta property=\"og:image:height\" content=\"728\" \/>\n\t<meta property=\"og:image:type\" content=\"image\/jpeg\" \/>\n<meta name=\"twitter:label1\" content=\"Szerz\u0151:\" \/>\n\t<meta name=\"twitter:data1\" content=\"attila\" \/>\n<script type=\"application\/ld+json\" class=\"yoast-schema-graph\">{\"@context\":\"https:\/\/schema.org\",\"@graph\":[{\"@type\":\"WebSite\",\"@id\":\"http:\/\/transylwine.hu\/#website\",\"url\":\"http:\/\/transylwine.hu\/\",\"name\":\"Transylwine Kft.\",\"description\":\"Az erd\\u00e9lyi Recas borok magyarorsz\\u00e1gi forgalmaz\\u00f3ja\",\"potentialAction\":[{\"@type\":\"SearchAction\",\"target\":{\"@type\":\"EntryPoint\",\"urlTemplate\":\"http:\/\/transylwine.hu\/?s={search_term_string}\"},\"query-input\":\"required name=search_term_string\"}],\"inLanguage\":\"hu\"},{\"@type\":\"ImageObject\",\"@id\":\"http:\/\/transylwine.hu\/index.php\/erdelyi-bor-lakoma-gepard-es-urhajo-borbisztroban-recas-borokkal\/#primaryimage\",\"inLanguage\":\"hu\",\"url\":\"http:\/\/transylwine.hu\/wp-content\/uploads\/2014\/02\/ERDELYI_borlakoma_FB-1.jpg\",\"contentUrl\":\"http:\/\/transylwine.hu\/wp-content\/uploads\/2014\/02\/ERDELYI_borlakoma_FB-1.jpg\",\"width\":728,\"height\":728},{\"@type\":\"WebPage\",\"@id\":\"http:\/\/transylwine.hu\/index.php\/erdelyi-bor-lakoma-gepard-es-urhajo-borbisztroban-recas-borokkal\/#webpage\",\"url\":\"http:\/\/transylwine.hu\/index.php\/erdelyi-bor-lakoma-gepard-es-urhajo-borbisztroban-recas-borokkal\/\",\"name\":\"Erd\\u00e9lyi bor-lakoma a Gep\\u00e1rd \\u00e9s \\u0170rhaj\\u00f3ban - Transylwine Kft.\",\"isPartOf\":{\"@id\":\"http:\/\/transylwine.hu\/#website\"},\"primaryImageOfPage\":{\"@id\":\"http:\/\/transylwine.hu\/index.php\/erdelyi-bor-lakoma-gepard-es-urhajo-borbisztroban-recas-borokkal\/#primaryimage\"},\"datePublished\":\"2014-02-06T09:18:16+00:00\",\"dateModified\":\"2014-11-07T11:25:25+00:00\",\"author\":{\"@id\":\"http:\/\/transylwine.hu\/#\/schema\/person\/f39fff9a2910c169d2977d9a7781885a\"},\"description\":\"K\\u00f6vi P\\u00e1l eml\\u00e9k\\u00e9re\\u00a0erd\\u00e9lyi bor-lakom\\u00e1t szervezett a Gep\\u00e1r \\u00e9s \\u0170rhaj\\u00f3 borbisztr\\u00f3 2014. febru\\u00e1r 13-\\u00e1n. Az \\u00e9telk\\u00fcl\\u00f6nlegess\\u00e9geket m\\u00e9lt\\u00f3n eg\\u00e9sz\\u00edtett\\u00e9k ki a Recas\",\"breadcrumb\":{\"@id\":\"http:\/\/transylwine.hu\/index.php\/erdelyi-bor-lakoma-gepard-es-urhajo-borbisztroban-recas-borokkal\/#breadcrumb\"},\"inLanguage\":\"hu\",\"potentialAction\":[{\"@type\":\"ReadAction\",\"target\":[\"http:\/\/transylwine.hu\/index.php\/erdelyi-bor-lakoma-gepard-es-urhajo-borbisztroban-recas-borokkal\/\"]}]},{\"@type\":\"BreadcrumbList\",\"@id\":\"http:\/\/transylwine.hu\/index.php\/erdelyi-bor-lakoma-gepard-es-urhajo-borbisztroban-recas-borokkal\/#breadcrumb\",\"itemListElement\":[{\"@type\":\"ListItem\",\"position\":1,\"name\":\"Home\",\"item\":\"https:\/\/transylwine.hu\/\"},{\"@type\":\"ListItem\",\"position\":2,\"name\":\"Erd\\u00e9lyi bor-lakoma a Gep\\u00e1rd \\u00e9s \\u0170rhaj\\u00f3ban\"}]},{\"@type\":\"Person\",\"@id\":\"http:\/\/transylwine.hu\/#\/schema\/person\/f39fff9a2910c169d2977d9a7781885a\",\"name\":\"attila\",\"image\":{\"@type\":\"ImageObject\",\"@id\":\"http:\/\/transylwine.hu\/#personlogo\",\"inLanguage\":\"hu\",\"url\":\"http:\/\/1.gravatar.com\/avatar\/4f2dcb726f09aea71a50f03462801a33?s=96&d=mm&r=g\",\"contentUrl\":\"http:\/\/1.gravatar.com\/avatar\/4f2dcb726f09aea71a50f03462801a33?s=96&d=mm&r=g\",\"caption\":\"attila\"},\"url\":\"http:\/\/transylwine.hu\/index.php\/author\/attila\/\"}]}<\/script>\n<!-- \/ Yoast SEO plugin. -->","yoast_head_json":{"title":"Erd\u00e9lyi bor-lakoma a Gep\u00e1rd \u00e9s \u0170rhaj\u00f3ban - Transylwine Kft.","description":"K\u00f6vi P\u00e1l eml\u00e9k\u00e9re\u00a0erd\u00e9lyi bor-lakom\u00e1t szervezett a Gep\u00e1r \u00e9s \u0170rhaj\u00f3 borbisztr\u00f3 2014. febru\u00e1r 13-\u00e1n. Az \u00e9telk\u00fcl\u00f6nlegess\u00e9geket m\u00e9lt\u00f3n eg\u00e9sz\u00edtett\u00e9k ki a Recas","robots":{"index":"index","follow":"follow","max-snippet":"max-snippet:-1","max-image-preview":"max-image-preview:large","max-video-preview":"max-video-preview:-1"},"canonical":"http:\/\/transylwine.hu\/index.php\/erdelyi-bor-lakoma-gepard-es-urhajo-borbisztroban-recas-borokkal\/","og_locale":"hu_HU","og_type":"article","og_title":"Erd\u00e9lyi bor-lakoma a Gep\u00e1rd \u00e9s \u0170rhaj\u00f3ban - Transylwine Kft.","og_description":"K\u00f6vi P\u00e1l eml\u00e9k\u00e9re\u00a0erd\u00e9lyi bor-lakom\u00e1t szervezett a Gep\u00e1r \u00e9s \u0170rhaj\u00f3 borbisztr\u00f3 2014. febru\u00e1r 13-\u00e1n. Az \u00e9telk\u00fcl\u00f6nlegess\u00e9geket m\u00e9lt\u00f3n eg\u00e9sz\u00edtett\u00e9k ki a Recas","og_url":"http:\/\/transylwine.hu\/index.php\/erdelyi-bor-lakoma-gepard-es-urhajo-borbisztroban-recas-borokkal\/","og_site_name":"Transylwine Kft.","article_published_time":"2014-02-06T09:18:16+00:00","article_modified_time":"2014-11-07T11:25:25+00:00","og_image":[{"width":728,"height":728,"url":"http:\/\/transylwine.hu\/wp-content\/uploads\/2014\/02\/ERDELYI_borlakoma_FB-1.jpg","type":"image\/jpeg"}],"twitter_misc":{"Szerz\u0151:":"attila"},"schema":{"@context":"https:\/\/schema.org","@graph":[{"@type":"WebSite","@id":"http:\/\/transylwine.hu\/#website","url":"http:\/\/transylwine.hu\/","name":"Transylwine Kft.","description":"Az erd\u00e9lyi Recas borok magyarorsz\u00e1gi forgalmaz\u00f3ja","potentialAction":[{"@type":"SearchAction","target":{"@type":"EntryPoint","urlTemplate":"http:\/\/transylwine.hu\/?s={search_term_string}"},"query-input":"required name=search_term_string"}],"inLanguage":"hu"},{"@type":"ImageObject","@id":"http:\/\/transylwine.hu\/index.php\/erdelyi-bor-lakoma-gepard-es-urhajo-borbisztroban-recas-borokkal\/#primaryimage","inLanguage":"hu","url":"http:\/\/transylwine.hu\/wp-content\/uploads\/2014\/02\/ERDELYI_borlakoma_FB-1.jpg","contentUrl":"http:\/\/transylwine.hu\/wp-content\/uploads\/2014\/02\/ERDELYI_borlakoma_FB-1.jpg","width":728,"height":728},{"@type":"WebPage","@id":"http:\/\/transylwine.hu\/index.php\/erdelyi-bor-lakoma-gepard-es-urhajo-borbisztroban-recas-borokkal\/#webpage","url":"http:\/\/transylwine.hu\/index.php\/erdelyi-bor-lakoma-gepard-es-urhajo-borbisztroban-recas-borokkal\/","name":"Erd\u00e9lyi bor-lakoma a Gep\u00e1rd \u00e9s \u0170rhaj\u00f3ban - Transylwine Kft.","isPartOf":{"@id":"http:\/\/transylwine.hu\/#website"},"primaryImageOfPage":{"@id":"http:\/\/transylwine.hu\/index.php\/erdelyi-bor-lakoma-gepard-es-urhajo-borbisztroban-recas-borokkal\/#primaryimage"},"datePublished":"2014-02-06T09:18:16+00:00","dateModified":"2014-11-07T11:25:25+00:00","author":{"@id":"http:\/\/transylwine.hu\/#\/schema\/person\/f39fff9a2910c169d2977d9a7781885a"},"description":"K\u00f6vi P\u00e1l eml\u00e9k\u00e9re\u00a0erd\u00e9lyi bor-lakom\u00e1t szervezett a Gep\u00e1r \u00e9s \u0170rhaj\u00f3 borbisztr\u00f3 2014. febru\u00e1r 13-\u00e1n. Az \u00e9telk\u00fcl\u00f6nlegess\u00e9geket m\u00e9lt\u00f3n eg\u00e9sz\u00edtett\u00e9k ki a Recas","breadcrumb":{"@id":"http:\/\/transylwine.hu\/index.php\/erdelyi-bor-lakoma-gepard-es-urhajo-borbisztroban-recas-borokkal\/#breadcrumb"},"inLanguage":"hu","potentialAction":[{"@type":"ReadAction","target":["http:\/\/transylwine.hu\/index.php\/erdelyi-bor-lakoma-gepard-es-urhajo-borbisztroban-recas-borokkal\/"]}]},{"@type":"BreadcrumbList","@id":"http:\/\/transylwine.hu\/index.php\/erdelyi-bor-lakoma-gepard-es-urhajo-borbisztroban-recas-borokkal\/#breadcrumb","itemListElement":[{"@type":"ListItem","position":1,"name":"Home","item":"https:\/\/transylwine.hu\/"},{"@type":"ListItem","position":2,"name":"Erd\u00e9lyi bor-lakoma a Gep\u00e1rd \u00e9s \u0170rhaj\u00f3ban"}]},{"@type":"Person","@id":"http:\/\/transylwine.hu\/#\/schema\/person\/f39fff9a2910c169d2977d9a7781885a","name":"attila","image":{"@type":"ImageObject","@id":"http:\/\/transylwine.hu\/#personlogo","inLanguage":"hu","url":"http:\/\/1.gravatar.com\/avatar\/4f2dcb726f09aea71a50f03462801a33?s=96&d=mm&r=g","contentUrl":"http:\/\/1.gravatar.com\/avatar\/4f2dcb726f09aea71a50f03462801a33?s=96&d=mm&r=g","caption":"attila"},"url":"http:\/\/transylwine.hu\/index.php\/author\/attila\/"}]}},"_links":{"self":[{"href":"http:\/\/transylwine.hu\/index.php\/wp-json\/wp\/v2\/posts\/934"}],"collection":[{"href":"http:\/\/transylwine.hu\/index.php\/wp-json\/wp\/v2\/posts"}],"about":[{"href":"http:\/\/transylwine.hu\/index.php\/wp-json\/wp\/v2\/types\/post"}],"author":[{"embeddable":true,"href":"http:\/\/transylwine.hu\/index.php\/wp-json\/wp\/v2\/users\/2"}],"replies":[{"embeddable":true,"href":"http:\/\/transylwine.hu\/index.php\/wp-json\/wp\/v2\/comments?post=934"}],"version-history":[{"count":11,"href":"http:\/\/transylwine.hu\/index.php\/wp-json\/wp\/v2\/posts\/934\/revisions"}],"predecessor-version":[{"id":1449,"href":"http:\/\/transylwine.hu\/index.php\/wp-json\/wp\/v2\/posts\/934\/revisions\/1449"}],"wp:featuredmedia":[{"embeddable":true,"href":"http:\/\/transylwine.hu\/index.php\/wp-json\/wp\/v2\/media\/935"}],"wp:attachment":[{"href":"http:\/\/transylwine.hu\/index.php\/wp-json\/wp\/v2\/media?parent=934"}],"wp:term":[{"taxonomy":"category","embeddable":true,"href":"http:\/\/transylwine.hu\/index.php\/wp-json\/wp\/v2\/categories?post=934"},{"taxonomy":"post_tag","embeddable":true,"href":"http:\/\/transylwine.hu\/index.php\/wp-json\/wp\/v2\/tags?post=934"}],"curies":[{"name":"wp","href":"https:\/\/api.w.org\/{rel}","templated":true}]}}