{"id":525,"date":"2012-11-12T15:05:34","date_gmt":"2012-11-12T14:05:34","guid":{"rendered":"http:\/\/transylwine.hu\/?p=525"},"modified":"2014-07-09T09:20:54","modified_gmt":"2014-07-09T07:20:54","slug":"recas-pinceszet-bemutatkozott-a-gellert-szallodaban","status":"publish","type":"post","link":"http:\/\/transylwine.hu\/index.php\/recas-pinceszet-bemutatkozott-a-gellert-szallodaban\/","title":{"rendered":"M\u00e1rton-napi borfesztiv\u00e1l &#8211; Recas borokkal"},"content":{"rendered":"<p><!--:hu--><img loading=\"lazy\" class=\"alignleft size-thumbnail wp-image-526\" title=\"marton napi borfesztival logo\" alt=\"\" src=\"http:\/\/transylwine.hu\/wp-content\/uploads\/2012\/11\/marton-napi-borfesztival-logo-140x60.png\" width=\"140\" height=\"60\" srcset=\"http:\/\/transylwine.hu\/wp-content\/uploads\/2012\/11\/marton-napi-borfesztival-logo-140x60.png 140w, http:\/\/transylwine.hu\/wp-content\/uploads\/2012\/11\/marton-napi-borfesztival-logo-300x130.png 300w, http:\/\/transylwine.hu\/wp-content\/uploads\/2012\/11\/marton-napi-borfesztival-logo-176x76.png 176w, http:\/\/transylwine.hu\/wp-content\/uploads\/2012\/11\/marton-napi-borfesztival-logo-114x49.png 114w, http:\/\/transylwine.hu\/wp-content\/uploads\/2012\/11\/marton-napi-borfesztival-logo.png 900w\" sizes=\"(max-width: 140px) 100vw, 140px\" \/>2012. november 9. \u00e9s 11. k\u00f6z\u00f6tt ker\u00fclt megrendez\u00e9sre a M\u00e1rton-napi borfesztiv\u00e1l a Gell\u00e9rt Sz\u00e1ll\u00f3ban. A m\u00e1sodik alkalommal megtartott rendezv\u00e9nyen t\u00f6bb mint 60 pinc\u00e9szet k\u00fcl\u00f6nleges borait \u00e9s pr\u00e9mium p\u00e1link\u00e1kat lehetett k\u00f3stolni, de \u00e9hesen sem maradt senki, hiszen a liba\u00e9telek mellett mangalica-k\u00fcl\u00f6nlegess\u00e9gek \u00e9s m\u00e9g sok m\u00e1s finoms\u00e1g v\u00e1rta a vend\u00e9geket. A gasztron\u00f3miai \u00e9lvezeteket koncertek \u00e9s el\u0151ad\u00e1sok sz\u00ednes\u00edtett\u00e9k. Koncertet adott t\u00f6bbek k\u00f6z\u00f6tt R\u00fazsa Magdi, Lajk\u00f3 F\u00e9lix \u00e9s a Balkan Fanatik, az el\u0151ad\u00f3k k\u00f6z\u00f6tt pedig ott\u00a0volt t\u00f6bbek k\u00f6z\u00f6tt Mautner Zs\u00f3fia gasztroblogger \u00e9s V\u00e1ncsa Istv\u00e1n publicista is. A Transylwine Kft.\u00a07 borral k\u00e9pviselte a Recas pinc\u00e9szetet a M\u00e1rton-napi\u00a0borfesztiv\u00e1lon. A vend\u00e9gek megk\u00f3stolhatt\u00e1k a nemr\u00e9g a Mundus Vini-n arany\u00e9remeket nyert Solo Quina \u00e9s a Sole Chardonnay mellett, a Kir\u00e1lyle\u00e1nyk\u00e1t, az erd\u00e9lyi k\u00fcl\u00f6nlegess\u00e9get, a\u00a0Fekete Le\u00e1nyk\u00e1t, a gy\u00f6ny\u00f6r\u0171 Syrah-t \u00e9s a m\u00e9lt\u00e1n kedvelt Medvet\u00e1ncot.<\/p>\n<p>Tov\u00e1bbi inform\u00e1ci\u00f3:\u00a0<a href=\"http:\/\/www.borfesztivalgellert.hu\" target=\"_blank\">www.borfesztivalgellert.hu<\/a><\/p>\n<div id=\"ctl00_PlaceHolderMain_UIVersionedContent4_RichHtmlField1__ControlWrapper_RichHtmlField\"><\/div>\n<p><!--:--><\/p>\n","protected":false},"excerpt":{"rendered":"<p>2012. november 9. \u00e9s 11. k\u00f6z\u00f6tt ker\u00fclt megrendez\u00e9sre a M\u00e1rton-napi borfesztiv\u00e1l a Gell\u00e9rt Sz\u00e1ll\u00f3ban. A m\u00e1sodik alkalommal megtartott rendezv\u00e9nyen t\u00f6bb mint 60 pinc\u00e9szet k\u00fcl\u00f6nleges borait \u00e9s pr\u00e9mium p\u00e1link\u00e1kat lehetett k\u00f3stolni, de \u00e9hesen sem maradt senki, hiszen a liba\u00e9telek mellett mangalica-k\u00fcl\u00f6nlegess\u00e9gek \u00e9s m\u00e9g sok m\u00e1s finoms\u00e1g v\u00e1rta a vend\u00e9geket. A gasztron\u00f3miai \u00e9lvezeteket koncertek \u00e9s el\u0151ad\u00e1sok sz\u00ednes\u00edtett\u00e9k. [&hellip;]<\/p>\n","protected":false},"author":2,"featured_media":526,"comment_status":"closed","ping_status":"closed","sticky":false,"template":"","format":"standard","meta":{"_monsterinsights_skip_tracking":false,"_monsterinsights_sitenote_active":false,"_monsterinsights_sitenote_note":"","_monsterinsights_sitenote_category":0},"categories":[1],"tags":[],"yoast_head":"<!-- This site is optimized with the Yoast SEO plugin v17.9 - https:\/\/yoast.com\/wordpress\/plugins\/seo\/ -->\n<title>M\u00e1rton-napi borfesztiv\u00e1l - Recas borokkal - Transylwine Kft.<\/title>\n<meta name=\"description\" content=\"2012. november 9. \u00e9s 11. k\u00f6z\u00f6tt ker\u00fclt megrendez\u00e9sre a M\u00e1rton-napi borfesztiv\u00e1l a Gell\u00e9rt Sz\u00e1ll\u00f3ban. A m\u00e1sodik alkalommal megtartott rendezv\u00e9nyen t\u00f6bb\" \/>\n<meta name=\"robots\" content=\"index, follow, max-snippet:-1, max-image-preview:large, max-video-preview:-1\" \/>\n<link rel=\"canonical\" href=\"http:\/\/transylwine.hu\/index.php\/recas-pinceszet-bemutatkozott-a-gellert-szallodaban\/\" \/>\n<meta property=\"og:locale\" content=\"hu_HU\" \/>\n<meta property=\"og:type\" content=\"article\" \/>\n<meta property=\"og:title\" content=\"M\u00e1rton-napi borfesztiv\u00e1l - Recas borokkal - Transylwine Kft.\" \/>\n<meta property=\"og:description\" content=\"2012. november 9. \u00e9s 11. k\u00f6z\u00f6tt ker\u00fclt megrendez\u00e9sre a M\u00e1rton-napi borfesztiv\u00e1l a Gell\u00e9rt Sz\u00e1ll\u00f3ban. A m\u00e1sodik alkalommal megtartott rendezv\u00e9nyen t\u00f6bb\" \/>\n<meta property=\"og:url\" content=\"http:\/\/transylwine.hu\/index.php\/recas-pinceszet-bemutatkozott-a-gellert-szallodaban\/\" \/>\n<meta property=\"og:site_name\" content=\"Transylwine Kft.\" \/>\n<meta property=\"article:published_time\" content=\"2012-11-12T14:05:34+00:00\" \/>\n<meta property=\"article:modified_time\" content=\"2014-07-09T07:20:54+00:00\" \/>\n<meta property=\"og:image\" content=\"http:\/\/transylwine.hu\/wp-content\/uploads\/2012\/11\/marton-napi-borfesztival-logo.png\" \/>\n\t<meta property=\"og:image:width\" content=\"900\" \/>\n\t<meta property=\"og:image:height\" content=\"390\" \/>\n\t<meta property=\"og:image:type\" content=\"image\/png\" \/>\n<meta name=\"twitter:label1\" content=\"Szerz\u0151:\" \/>\n\t<meta name=\"twitter:data1\" content=\"attila\" \/>\n\t<meta name=\"twitter:label2\" content=\"Becs\u00fclt olvas\u00e1si id\u0151\" \/>\n\t<meta name=\"twitter:data2\" content=\"1 perc\" \/>\n<script type=\"application\/ld+json\" class=\"yoast-schema-graph\">{\"@context\":\"https:\/\/schema.org\",\"@graph\":[{\"@type\":\"WebSite\",\"@id\":\"http:\/\/transylwine.hu\/#website\",\"url\":\"http:\/\/transylwine.hu\/\",\"name\":\"Transylwine Kft.\",\"description\":\"Az erd\\u00e9lyi Recas borok magyarorsz\\u00e1gi forgalmaz\\u00f3ja\",\"potentialAction\":[{\"@type\":\"SearchAction\",\"target\":{\"@type\":\"EntryPoint\",\"urlTemplate\":\"http:\/\/transylwine.hu\/?s={search_term_string}\"},\"query-input\":\"required name=search_term_string\"}],\"inLanguage\":\"hu\"},{\"@type\":\"ImageObject\",\"@id\":\"http:\/\/transylwine.hu\/index.php\/recas-pinceszet-bemutatkozott-a-gellert-szallodaban\/#primaryimage\",\"inLanguage\":\"hu\",\"url\":\"http:\/\/transylwine.hu\/wp-content\/uploads\/2012\/11\/marton-napi-borfesztival-logo.png\",\"contentUrl\":\"http:\/\/transylwine.hu\/wp-content\/uploads\/2012\/11\/marton-napi-borfesztival-logo.png\",\"width\":900,\"height\":390},{\"@type\":\"WebPage\",\"@id\":\"http:\/\/transylwine.hu\/index.php\/recas-pinceszet-bemutatkozott-a-gellert-szallodaban\/#webpage\",\"url\":\"http:\/\/transylwine.hu\/index.php\/recas-pinceszet-bemutatkozott-a-gellert-szallodaban\/\",\"name\":\"M\\u00e1rton-napi borfesztiv\\u00e1l - Recas borokkal - Transylwine Kft.\",\"isPartOf\":{\"@id\":\"http:\/\/transylwine.hu\/#website\"},\"primaryImageOfPage\":{\"@id\":\"http:\/\/transylwine.hu\/index.php\/recas-pinceszet-bemutatkozott-a-gellert-szallodaban\/#primaryimage\"},\"datePublished\":\"2012-11-12T14:05:34+00:00\",\"dateModified\":\"2014-07-09T07:20:54+00:00\",\"author\":{\"@id\":\"http:\/\/transylwine.hu\/#\/schema\/person\/f39fff9a2910c169d2977d9a7781885a\"},\"description\":\"2012. november 9. \\u00e9s 11. k\\u00f6z\\u00f6tt ker\\u00fclt megrendez\\u00e9sre a M\\u00e1rton-napi borfesztiv\\u00e1l a Gell\\u00e9rt Sz\\u00e1ll\\u00f3ban. A m\\u00e1sodik alkalommal megtartott rendezv\\u00e9nyen t\\u00f6bb\",\"breadcrumb\":{\"@id\":\"http:\/\/transylwine.hu\/index.php\/recas-pinceszet-bemutatkozott-a-gellert-szallodaban\/#breadcrumb\"},\"inLanguage\":\"hu\",\"potentialAction\":[{\"@type\":\"ReadAction\",\"target\":[\"http:\/\/transylwine.hu\/index.php\/recas-pinceszet-bemutatkozott-a-gellert-szallodaban\/\"]}]},{\"@type\":\"BreadcrumbList\",\"@id\":\"http:\/\/transylwine.hu\/index.php\/recas-pinceszet-bemutatkozott-a-gellert-szallodaban\/#breadcrumb\",\"itemListElement\":[{\"@type\":\"ListItem\",\"position\":1,\"name\":\"Home\",\"item\":\"https:\/\/transylwine.hu\/\"},{\"@type\":\"ListItem\",\"position\":2,\"name\":\"M\\u00e1rton-napi borfesztiv\\u00e1l &#8211; Recas borokkal\"}]},{\"@type\":\"Person\",\"@id\":\"http:\/\/transylwine.hu\/#\/schema\/person\/f39fff9a2910c169d2977d9a7781885a\",\"name\":\"attila\",\"image\":{\"@type\":\"ImageObject\",\"@id\":\"http:\/\/transylwine.hu\/#personlogo\",\"inLanguage\":\"hu\",\"url\":\"http:\/\/1.gravatar.com\/avatar\/4f2dcb726f09aea71a50f03462801a33?s=96&d=mm&r=g\",\"contentUrl\":\"http:\/\/1.gravatar.com\/avatar\/4f2dcb726f09aea71a50f03462801a33?s=96&d=mm&r=g\",\"caption\":\"attila\"},\"url\":\"http:\/\/transylwine.hu\/index.php\/author\/attila\/\"}]}<\/script>\n<!-- \/ Yoast SEO plugin. -->","yoast_head_json":{"title":"M\u00e1rton-napi borfesztiv\u00e1l - Recas borokkal - Transylwine Kft.","description":"2012. november 9. \u00e9s 11. k\u00f6z\u00f6tt ker\u00fclt megrendez\u00e9sre a M\u00e1rton-napi borfesztiv\u00e1l a Gell\u00e9rt Sz\u00e1ll\u00f3ban. A m\u00e1sodik alkalommal megtartott rendezv\u00e9nyen t\u00f6bb","robots":{"index":"index","follow":"follow","max-snippet":"max-snippet:-1","max-image-preview":"max-image-preview:large","max-video-preview":"max-video-preview:-1"},"canonical":"http:\/\/transylwine.hu\/index.php\/recas-pinceszet-bemutatkozott-a-gellert-szallodaban\/","og_locale":"hu_HU","og_type":"article","og_title":"M\u00e1rton-napi borfesztiv\u00e1l - Recas borokkal - Transylwine Kft.","og_description":"2012. november 9. \u00e9s 11. k\u00f6z\u00f6tt ker\u00fclt megrendez\u00e9sre a M\u00e1rton-napi borfesztiv\u00e1l a Gell\u00e9rt Sz\u00e1ll\u00f3ban. A m\u00e1sodik alkalommal megtartott rendezv\u00e9nyen t\u00f6bb","og_url":"http:\/\/transylwine.hu\/index.php\/recas-pinceszet-bemutatkozott-a-gellert-szallodaban\/","og_site_name":"Transylwine Kft.","article_published_time":"2012-11-12T14:05:34+00:00","article_modified_time":"2014-07-09T07:20:54+00:00","og_image":[{"width":900,"height":390,"url":"http:\/\/transylwine.hu\/wp-content\/uploads\/2012\/11\/marton-napi-borfesztival-logo.png","type":"image\/png"}],"twitter_misc":{"Szerz\u0151:":"attila","Becs\u00fclt olvas\u00e1si id\u0151":"1 perc"},"schema":{"@context":"https:\/\/schema.org","@graph":[{"@type":"WebSite","@id":"http:\/\/transylwine.hu\/#website","url":"http:\/\/transylwine.hu\/","name":"Transylwine Kft.","description":"Az erd\u00e9lyi Recas borok magyarorsz\u00e1gi forgalmaz\u00f3ja","potentialAction":[{"@type":"SearchAction","target":{"@type":"EntryPoint","urlTemplate":"http:\/\/transylwine.hu\/?s={search_term_string}"},"query-input":"required name=search_term_string"}],"inLanguage":"hu"},{"@type":"ImageObject","@id":"http:\/\/transylwine.hu\/index.php\/recas-pinceszet-bemutatkozott-a-gellert-szallodaban\/#primaryimage","inLanguage":"hu","url":"http:\/\/transylwine.hu\/wp-content\/uploads\/2012\/11\/marton-napi-borfesztival-logo.png","contentUrl":"http:\/\/transylwine.hu\/wp-content\/uploads\/2012\/11\/marton-napi-borfesztival-logo.png","width":900,"height":390},{"@type":"WebPage","@id":"http:\/\/transylwine.hu\/index.php\/recas-pinceszet-bemutatkozott-a-gellert-szallodaban\/#webpage","url":"http:\/\/transylwine.hu\/index.php\/recas-pinceszet-bemutatkozott-a-gellert-szallodaban\/","name":"M\u00e1rton-napi borfesztiv\u00e1l - Recas borokkal - Transylwine Kft.","isPartOf":{"@id":"http:\/\/transylwine.hu\/#website"},"primaryImageOfPage":{"@id":"http:\/\/transylwine.hu\/index.php\/recas-pinceszet-bemutatkozott-a-gellert-szallodaban\/#primaryimage"},"datePublished":"2012-11-12T14:05:34+00:00","dateModified":"2014-07-09T07:20:54+00:00","author":{"@id":"http:\/\/transylwine.hu\/#\/schema\/person\/f39fff9a2910c169d2977d9a7781885a"},"description":"2012. november 9. \u00e9s 11. k\u00f6z\u00f6tt ker\u00fclt megrendez\u00e9sre a M\u00e1rton-napi borfesztiv\u00e1l a Gell\u00e9rt Sz\u00e1ll\u00f3ban. A m\u00e1sodik alkalommal megtartott rendezv\u00e9nyen t\u00f6bb","breadcrumb":{"@id":"http:\/\/transylwine.hu\/index.php\/recas-pinceszet-bemutatkozott-a-gellert-szallodaban\/#breadcrumb"},"inLanguage":"hu","potentialAction":[{"@type":"ReadAction","target":["http:\/\/transylwine.hu\/index.php\/recas-pinceszet-bemutatkozott-a-gellert-szallodaban\/"]}]},{"@type":"BreadcrumbList","@id":"http:\/\/transylwine.hu\/index.php\/recas-pinceszet-bemutatkozott-a-gellert-szallodaban\/#breadcrumb","itemListElement":[{"@type":"ListItem","position":1,"name":"Home","item":"https:\/\/transylwine.hu\/"},{"@type":"ListItem","position":2,"name":"M\u00e1rton-napi borfesztiv\u00e1l &#8211; Recas borokkal"}]},{"@type":"Person","@id":"http:\/\/transylwine.hu\/#\/schema\/person\/f39fff9a2910c169d2977d9a7781885a","name":"attila","image":{"@type":"ImageObject","@id":"http:\/\/transylwine.hu\/#personlogo","inLanguage":"hu","url":"http:\/\/1.gravatar.com\/avatar\/4f2dcb726f09aea71a50f03462801a33?s=96&d=mm&r=g","contentUrl":"http:\/\/1.gravatar.com\/avatar\/4f2dcb726f09aea71a50f03462801a33?s=96&d=mm&r=g","caption":"attila"},"url":"http:\/\/transylwine.hu\/index.php\/author\/attila\/"}]}},"_links":{"self":[{"href":"http:\/\/transylwine.hu\/index.php\/wp-json\/wp\/v2\/posts\/525"}],"collection":[{"href":"http:\/\/transylwine.hu\/index.php\/wp-json\/wp\/v2\/posts"}],"about":[{"href":"http:\/\/transylwine.hu\/index.php\/wp-json\/wp\/v2\/types\/post"}],"author":[{"embeddable":true,"href":"http:\/\/transylwine.hu\/index.php\/wp-json\/wp\/v2\/users\/2"}],"replies":[{"embeddable":true,"href":"http:\/\/transylwine.hu\/index.php\/wp-json\/wp\/v2\/comments?post=525"}],"version-history":[{"count":16,"href":"http:\/\/transylwine.hu\/index.php\/wp-json\/wp\/v2\/posts\/525\/revisions"}],"predecessor-version":[{"id":1304,"href":"http:\/\/transylwine.hu\/index.php\/wp-json\/wp\/v2\/posts\/525\/revisions\/1304"}],"wp:featuredmedia":[{"embeddable":true,"href":"http:\/\/transylwine.hu\/index.php\/wp-json\/wp\/v2\/media\/526"}],"wp:attachment":[{"href":"http:\/\/transylwine.hu\/index.php\/wp-json\/wp\/v2\/media?parent=525"}],"wp:term":[{"taxonomy":"category","embeddable":true,"href":"http:\/\/transylwine.hu\/index.php\/wp-json\/wp\/v2\/categories?post=525"},{"taxonomy":"post_tag","embeddable":true,"href":"http:\/\/transylwine.hu\/index.php\/wp-json\/wp\/v2\/tags?post=525"}],"curies":[{"name":"wp","href":"https:\/\/api.w.org\/{rel}","templated":true}]}}