{"id":510,"date":"2012-09-19T20:22:14","date_gmt":"2012-09-19T18:22:14","guid":{"rendered":"http:\/\/transylwine.hu\/?p=510"},"modified":"2022-01-21T09:33:28","modified_gmt":"2022-01-21T08:33:28","slug":"recas-pinceszet-a-21-budavari-borfesztivalon","status":"publish","type":"post","link":"http:\/\/transylwine.hu\/index.php\/recas-pinceszet-a-21-budavari-borfesztivalon\/","title":{"rendered":"Recas pinc\u00e9szet a 21. Budav\u00e1ri Borfesztiv\u00e1lon"},"content":{"rendered":"<p><!--:hu--><\/p>\n<p style=\"text-align: left;\"><img loading=\"lazy\" class=\"alignleft  wp-image-512\" title=\"budavar-borfeszt\" src=\"http:\/\/transylwine.hu\/wp-content\/uploads\/2012\/09\/budavar-borfeszt-300x225.jpg\" alt=\"\" width=\"131\" height=\"72\" \/>Mik\u00e9nt\u00a0az m\u00e1r hagyom\u00e1ny, id\u00e9n is\u00a0szeptember m\u00e1sodik h\u00e9tv\u00e9g\u00e9j\u00e9n rendezt\u00e9k meg\u00a0a\u00a021. Budav\u00e1ri Borfesztiv\u00e1lt. Az erd\u00e9lyi R\u00e9k\u00e1s borvid\u00e9k borait c\u00e9g\u00fcnk, a Transylwine\u00a0Kft.\u00a0k\u00e9pviselte \u00faj ruh\u00e1ba \u00f6lt\u00f6ztetett standunkon.\u00a0A Recas pinc\u00e9szet 9 gy\u00f6ny\u00f6r\u0171 bor\u00e1val sz\u00e9les\u00edtett\u00fck a borfesztiv\u00e1l k\u00edn\u00e1lat\u00e1t.<\/p>\n<p style=\"text-align: left;\">Ahogy az v\u00e1rhat\u00f3 volt,\u00a0az \u0151shonos erd\u00e9lyi sz\u0151l\u0151fajt\u00e1kb\u00f3k k\u00e9sz\u00fclt\u00a0boraink,\u00a0k\u00e9t-k\u00e9t f\u00e9le\u00a0fekete le\u00e1nyka \u00e9s\u00a0kir\u00e1lyle\u00e1nyka aratt\u00e1k a legnagyobb sikert.\u00a0Igazi kuri\u00f3zumunk, a Sole\u00a0kir\u00e1lyle\u00e1nyka barrique, mely r\u00f6vid t\u00f6lgyfahord\u00f3s \u00e9rlel\u00e9ssel emeli ki a fajta jelleg\u00e9t. Sok borkedvel\u0151 c\u00e9lzottan a Recas pinc\u00e9szet nemzetk\u00f6zi h\u00edrnev\u00e9t is megalapoz\u00f3\u00a0Solo Quinta-t j\u00f6tt megk\u00f3stolni, amit\u00a0m\u00e1r ismertek, hiszen tavaly ez\u00a0cuv\u00e9 nyerte P\u00e1rizsban\u00a0a vil\u00e1g legjobb feh\u00e9rbora c\u00edmet.\u00a0Az igazi meglepet\u00e9st azonban, a Medvet\u00e1nc cuv\u00e9e okozta, mely t\u00f6k\u00e9letesen \u00f6tv\u00f6zi a bordeaux-i fajt\u00e1kat\u00a0Erd\u00e9ly borainak vil\u00e1g\u00e1val.<br \/>\n<img loading=\"lazy\" class=\"wp-image-511 aligncenter\" title=\"Recas borok a Budav\u00e1ri Borfesztiv\u00e1lon\" src=\"http:\/\/transylwine.hu\/wp-content\/uploads\/2012\/09\/DSC09389-300x200.jpg\" alt=\"\" width=\"169\" height=\"99\" \/><\/p>\n<p><!--:--><\/p>\n","protected":false},"excerpt":{"rendered":"<p>Mik\u00e9nt\u00a0az m\u00e1r hagyom\u00e1ny, id\u00e9n is\u00a0szeptember m\u00e1sodik h\u00e9tv\u00e9g\u00e9j\u00e9n rendezt\u00e9k meg\u00a0a\u00a021. Budav\u00e1ri Borfesztiv\u00e1lt. Az erd\u00e9lyi R\u00e9k\u00e1s borvid\u00e9k borait c\u00e9g\u00fcnk, a Transylwine\u00a0Kft.\u00a0k\u00e9pviselte \u00faj ruh\u00e1ba \u00f6lt\u00f6ztetett standunkon.\u00a0A Recas pinc\u00e9szet 9 gy\u00f6ny\u00f6r\u0171 bor\u00e1val sz\u00e9les\u00edtett\u00fck a borfesztiv\u00e1l k\u00edn\u00e1lat\u00e1t. Ahogy az v\u00e1rhat\u00f3 volt,\u00a0az \u0151shonos erd\u00e9lyi sz\u0151l\u0151fajt\u00e1kb\u00f3k k\u00e9sz\u00fclt\u00a0boraink,\u00a0k\u00e9t-k\u00e9t f\u00e9le\u00a0fekete le\u00e1nyka \u00e9s\u00a0kir\u00e1lyle\u00e1nyka aratt\u00e1k a legnagyobb sikert.\u00a0Igazi kuri\u00f3zumunk, a Sole\u00a0kir\u00e1lyle\u00e1nyka barrique, mely r\u00f6vid t\u00f6lgyfahord\u00f3s \u00e9rlel\u00e9ssel [&hellip;]<\/p>\n","protected":false},"author":2,"featured_media":512,"comment_status":"closed","ping_status":"closed","sticky":false,"template":"","format":"standard","meta":{"_monsterinsights_skip_tracking":false,"_monsterinsights_sitenote_active":false,"_monsterinsights_sitenote_note":"","_monsterinsights_sitenote_category":0},"categories":[1],"tags":[],"yoast_head":"<!-- This site is optimized with the Yoast SEO plugin v17.9 - https:\/\/yoast.com\/wordpress\/plugins\/seo\/ -->\n<title>Recas pinc\u00e9szet a 21. Budav\u00e1ri Borfesztiv\u00e1lon - Transylwine Kft.<\/title>\n<meta name=\"description\" content=\"Mik\u00e9nt\u00a0az m\u00e1r hagyom\u00e1ny, id\u00e9n is\u00a0szeptember m\u00e1sodik h\u00e9tv\u00e9g\u00e9j\u00e9n rendezt\u00e9k meg\u00a0a\u00a021. Budav\u00e1ri Borfesztiv\u00e1lt. Az erd\u00e9lyi R\u00e9k\u00e1s borvid\u00e9k borait c\u00e9g\u00fcnk, a\" \/>\n<meta name=\"robots\" content=\"index, follow, max-snippet:-1, max-image-preview:large, max-video-preview:-1\" \/>\n<link rel=\"canonical\" href=\"http:\/\/transylwine.hu\/index.php\/recas-pinceszet-a-21-budavari-borfesztivalon\/\" \/>\n<meta property=\"og:locale\" content=\"hu_HU\" \/>\n<meta property=\"og:type\" content=\"article\" \/>\n<meta property=\"og:title\" content=\"Recas pinc\u00e9szet a 21. Budav\u00e1ri Borfesztiv\u00e1lon - Transylwine Kft.\" \/>\n<meta property=\"og:description\" content=\"Mik\u00e9nt\u00a0az m\u00e1r hagyom\u00e1ny, id\u00e9n is\u00a0szeptember m\u00e1sodik h\u00e9tv\u00e9g\u00e9j\u00e9n rendezt\u00e9k meg\u00a0a\u00a021. Budav\u00e1ri Borfesztiv\u00e1lt. Az erd\u00e9lyi R\u00e9k\u00e1s borvid\u00e9k borait c\u00e9g\u00fcnk, a\" \/>\n<meta property=\"og:url\" content=\"http:\/\/transylwine.hu\/index.php\/recas-pinceszet-a-21-budavari-borfesztivalon\/\" \/>\n<meta property=\"og:site_name\" content=\"Transylwine Kft.\" \/>\n<meta property=\"article:published_time\" content=\"2012-09-19T18:22:14+00:00\" \/>\n<meta property=\"article:modified_time\" content=\"2022-01-21T08:33:28+00:00\" \/>\n<meta property=\"og:image\" content=\"http:\/\/transylwine.hu\/wp-content\/uploads\/2012\/09\/budavar-borfeszt.jpg\" \/>\n\t<meta property=\"og:image:width\" content=\"600\" \/>\n\t<meta property=\"og:image:height\" content=\"450\" \/>\n\t<meta property=\"og:image:type\" content=\"image\/jpeg\" \/>\n<meta name=\"twitter:label1\" content=\"Szerz\u0151:\" \/>\n\t<meta name=\"twitter:data1\" content=\"attila\" \/>\n\t<meta name=\"twitter:label2\" content=\"Becs\u00fclt olvas\u00e1si id\u0151\" \/>\n\t<meta name=\"twitter:data2\" content=\"1 perc\" \/>\n<script type=\"application\/ld+json\" class=\"yoast-schema-graph\">{\"@context\":\"https:\/\/schema.org\",\"@graph\":[{\"@type\":\"WebSite\",\"@id\":\"http:\/\/transylwine.hu\/#website\",\"url\":\"http:\/\/transylwine.hu\/\",\"name\":\"Transylwine Kft.\",\"description\":\"Az erd\\u00e9lyi Recas borok magyarorsz\\u00e1gi forgalmaz\\u00f3ja\",\"potentialAction\":[{\"@type\":\"SearchAction\",\"target\":{\"@type\":\"EntryPoint\",\"urlTemplate\":\"http:\/\/transylwine.hu\/?s={search_term_string}\"},\"query-input\":\"required name=search_term_string\"}],\"inLanguage\":\"hu\"},{\"@type\":\"ImageObject\",\"@id\":\"http:\/\/transylwine.hu\/index.php\/recas-pinceszet-a-21-budavari-borfesztivalon\/#primaryimage\",\"inLanguage\":\"hu\",\"url\":\"http:\/\/transylwine.hu\/wp-content\/uploads\/2012\/09\/budavar-borfeszt.jpg\",\"contentUrl\":\"http:\/\/transylwine.hu\/wp-content\/uploads\/2012\/09\/budavar-borfeszt.jpg\",\"width\":600,\"height\":450},{\"@type\":\"WebPage\",\"@id\":\"http:\/\/transylwine.hu\/index.php\/recas-pinceszet-a-21-budavari-borfesztivalon\/#webpage\",\"url\":\"http:\/\/transylwine.hu\/index.php\/recas-pinceszet-a-21-budavari-borfesztivalon\/\",\"name\":\"Recas pinc\\u00e9szet a 21. Budav\\u00e1ri Borfesztiv\\u00e1lon - Transylwine Kft.\",\"isPartOf\":{\"@id\":\"http:\/\/transylwine.hu\/#website\"},\"primaryImageOfPage\":{\"@id\":\"http:\/\/transylwine.hu\/index.php\/recas-pinceszet-a-21-budavari-borfesztivalon\/#primaryimage\"},\"datePublished\":\"2012-09-19T18:22:14+00:00\",\"dateModified\":\"2022-01-21T08:33:28+00:00\",\"author\":{\"@id\":\"http:\/\/transylwine.hu\/#\/schema\/person\/f39fff9a2910c169d2977d9a7781885a\"},\"description\":\"Mik\\u00e9nt\\u00a0az m\\u00e1r hagyom\\u00e1ny, id\\u00e9n is\\u00a0szeptember m\\u00e1sodik h\\u00e9tv\\u00e9g\\u00e9j\\u00e9n rendezt\\u00e9k meg\\u00a0a\\u00a021. Budav\\u00e1ri Borfesztiv\\u00e1lt. Az erd\\u00e9lyi R\\u00e9k\\u00e1s borvid\\u00e9k borait c\\u00e9g\\u00fcnk, a\",\"breadcrumb\":{\"@id\":\"http:\/\/transylwine.hu\/index.php\/recas-pinceszet-a-21-budavari-borfesztivalon\/#breadcrumb\"},\"inLanguage\":\"hu\",\"potentialAction\":[{\"@type\":\"ReadAction\",\"target\":[\"http:\/\/transylwine.hu\/index.php\/recas-pinceszet-a-21-budavari-borfesztivalon\/\"]}]},{\"@type\":\"BreadcrumbList\",\"@id\":\"http:\/\/transylwine.hu\/index.php\/recas-pinceszet-a-21-budavari-borfesztivalon\/#breadcrumb\",\"itemListElement\":[{\"@type\":\"ListItem\",\"position\":1,\"name\":\"Home\",\"item\":\"https:\/\/transylwine.hu\/\"},{\"@type\":\"ListItem\",\"position\":2,\"name\":\"Recas pinc\\u00e9szet a 21. Budav\\u00e1ri Borfesztiv\\u00e1lon\"}]},{\"@type\":\"Person\",\"@id\":\"http:\/\/transylwine.hu\/#\/schema\/person\/f39fff9a2910c169d2977d9a7781885a\",\"name\":\"attila\",\"image\":{\"@type\":\"ImageObject\",\"@id\":\"http:\/\/transylwine.hu\/#personlogo\",\"inLanguage\":\"hu\",\"url\":\"http:\/\/1.gravatar.com\/avatar\/4f2dcb726f09aea71a50f03462801a33?s=96&d=mm&r=g\",\"contentUrl\":\"http:\/\/1.gravatar.com\/avatar\/4f2dcb726f09aea71a50f03462801a33?s=96&d=mm&r=g\",\"caption\":\"attila\"},\"url\":\"http:\/\/transylwine.hu\/index.php\/author\/attila\/\"}]}<\/script>\n<!-- \/ Yoast SEO plugin. -->","yoast_head_json":{"title":"Recas pinc\u00e9szet a 21. Budav\u00e1ri Borfesztiv\u00e1lon - Transylwine Kft.","description":"Mik\u00e9nt\u00a0az m\u00e1r hagyom\u00e1ny, id\u00e9n is\u00a0szeptember m\u00e1sodik h\u00e9tv\u00e9g\u00e9j\u00e9n rendezt\u00e9k meg\u00a0a\u00a021. Budav\u00e1ri Borfesztiv\u00e1lt. Az erd\u00e9lyi R\u00e9k\u00e1s borvid\u00e9k borait c\u00e9g\u00fcnk, a","robots":{"index":"index","follow":"follow","max-snippet":"max-snippet:-1","max-image-preview":"max-image-preview:large","max-video-preview":"max-video-preview:-1"},"canonical":"http:\/\/transylwine.hu\/index.php\/recas-pinceszet-a-21-budavari-borfesztivalon\/","og_locale":"hu_HU","og_type":"article","og_title":"Recas pinc\u00e9szet a 21. Budav\u00e1ri Borfesztiv\u00e1lon - Transylwine Kft.","og_description":"Mik\u00e9nt\u00a0az m\u00e1r hagyom\u00e1ny, id\u00e9n is\u00a0szeptember m\u00e1sodik h\u00e9tv\u00e9g\u00e9j\u00e9n rendezt\u00e9k meg\u00a0a\u00a021. Budav\u00e1ri Borfesztiv\u00e1lt. Az erd\u00e9lyi R\u00e9k\u00e1s borvid\u00e9k borait c\u00e9g\u00fcnk, a","og_url":"http:\/\/transylwine.hu\/index.php\/recas-pinceszet-a-21-budavari-borfesztivalon\/","og_site_name":"Transylwine Kft.","article_published_time":"2012-09-19T18:22:14+00:00","article_modified_time":"2022-01-21T08:33:28+00:00","og_image":[{"width":600,"height":450,"url":"http:\/\/transylwine.hu\/wp-content\/uploads\/2012\/09\/budavar-borfeszt.jpg","type":"image\/jpeg"}],"twitter_misc":{"Szerz\u0151:":"attila","Becs\u00fclt olvas\u00e1si id\u0151":"1 perc"},"schema":{"@context":"https:\/\/schema.org","@graph":[{"@type":"WebSite","@id":"http:\/\/transylwine.hu\/#website","url":"http:\/\/transylwine.hu\/","name":"Transylwine Kft.","description":"Az erd\u00e9lyi Recas borok magyarorsz\u00e1gi forgalmaz\u00f3ja","potentialAction":[{"@type":"SearchAction","target":{"@type":"EntryPoint","urlTemplate":"http:\/\/transylwine.hu\/?s={search_term_string}"},"query-input":"required name=search_term_string"}],"inLanguage":"hu"},{"@type":"ImageObject","@id":"http:\/\/transylwine.hu\/index.php\/recas-pinceszet-a-21-budavari-borfesztivalon\/#primaryimage","inLanguage":"hu","url":"http:\/\/transylwine.hu\/wp-content\/uploads\/2012\/09\/budavar-borfeszt.jpg","contentUrl":"http:\/\/transylwine.hu\/wp-content\/uploads\/2012\/09\/budavar-borfeszt.jpg","width":600,"height":450},{"@type":"WebPage","@id":"http:\/\/transylwine.hu\/index.php\/recas-pinceszet-a-21-budavari-borfesztivalon\/#webpage","url":"http:\/\/transylwine.hu\/index.php\/recas-pinceszet-a-21-budavari-borfesztivalon\/","name":"Recas pinc\u00e9szet a 21. Budav\u00e1ri Borfesztiv\u00e1lon - Transylwine Kft.","isPartOf":{"@id":"http:\/\/transylwine.hu\/#website"},"primaryImageOfPage":{"@id":"http:\/\/transylwine.hu\/index.php\/recas-pinceszet-a-21-budavari-borfesztivalon\/#primaryimage"},"datePublished":"2012-09-19T18:22:14+00:00","dateModified":"2022-01-21T08:33:28+00:00","author":{"@id":"http:\/\/transylwine.hu\/#\/schema\/person\/f39fff9a2910c169d2977d9a7781885a"},"description":"Mik\u00e9nt\u00a0az m\u00e1r hagyom\u00e1ny, id\u00e9n is\u00a0szeptember m\u00e1sodik h\u00e9tv\u00e9g\u00e9j\u00e9n rendezt\u00e9k meg\u00a0a\u00a021. Budav\u00e1ri Borfesztiv\u00e1lt. Az erd\u00e9lyi R\u00e9k\u00e1s borvid\u00e9k borait c\u00e9g\u00fcnk, a","breadcrumb":{"@id":"http:\/\/transylwine.hu\/index.php\/recas-pinceszet-a-21-budavari-borfesztivalon\/#breadcrumb"},"inLanguage":"hu","potentialAction":[{"@type":"ReadAction","target":["http:\/\/transylwine.hu\/index.php\/recas-pinceszet-a-21-budavari-borfesztivalon\/"]}]},{"@type":"BreadcrumbList","@id":"http:\/\/transylwine.hu\/index.php\/recas-pinceszet-a-21-budavari-borfesztivalon\/#breadcrumb","itemListElement":[{"@type":"ListItem","position":1,"name":"Home","item":"https:\/\/transylwine.hu\/"},{"@type":"ListItem","position":2,"name":"Recas pinc\u00e9szet a 21. Budav\u00e1ri Borfesztiv\u00e1lon"}]},{"@type":"Person","@id":"http:\/\/transylwine.hu\/#\/schema\/person\/f39fff9a2910c169d2977d9a7781885a","name":"attila","image":{"@type":"ImageObject","@id":"http:\/\/transylwine.hu\/#personlogo","inLanguage":"hu","url":"http:\/\/1.gravatar.com\/avatar\/4f2dcb726f09aea71a50f03462801a33?s=96&d=mm&r=g","contentUrl":"http:\/\/1.gravatar.com\/avatar\/4f2dcb726f09aea71a50f03462801a33?s=96&d=mm&r=g","caption":"attila"},"url":"http:\/\/transylwine.hu\/index.php\/author\/attila\/"}]}},"_links":{"self":[{"href":"http:\/\/transylwine.hu\/index.php\/wp-json\/wp\/v2\/posts\/510"}],"collection":[{"href":"http:\/\/transylwine.hu\/index.php\/wp-json\/wp\/v2\/posts"}],"about":[{"href":"http:\/\/transylwine.hu\/index.php\/wp-json\/wp\/v2\/types\/post"}],"author":[{"embeddable":true,"href":"http:\/\/transylwine.hu\/index.php\/wp-json\/wp\/v2\/users\/2"}],"replies":[{"embeddable":true,"href":"http:\/\/transylwine.hu\/index.php\/wp-json\/wp\/v2\/comments?post=510"}],"version-history":[{"count":13,"href":"http:\/\/transylwine.hu\/index.php\/wp-json\/wp\/v2\/posts\/510\/revisions"}],"predecessor-version":[{"id":3257,"href":"http:\/\/transylwine.hu\/index.php\/wp-json\/wp\/v2\/posts\/510\/revisions\/3257"}],"wp:featuredmedia":[{"embeddable":true,"href":"http:\/\/transylwine.hu\/index.php\/wp-json\/wp\/v2\/media\/512"}],"wp:attachment":[{"href":"http:\/\/transylwine.hu\/index.php\/wp-json\/wp\/v2\/media?parent=510"}],"wp:term":[{"taxonomy":"category","embeddable":true,"href":"http:\/\/transylwine.hu\/index.php\/wp-json\/wp\/v2\/categories?post=510"},{"taxonomy":"post_tag","embeddable":true,"href":"http:\/\/transylwine.hu\/index.php\/wp-json\/wp\/v2\/tags?post=510"}],"curies":[{"name":"wp","href":"https:\/\/api.w.org\/{rel}","templated":true}]}}