{"id":376,"date":"2012-04-27T13:14:56","date_gmt":"2012-04-27T11:14:56","guid":{"rendered":"http:\/\/transylwine.hu\/?p=376"},"modified":"2022-01-21T09:26:07","modified_gmt":"2022-01-21T08:26:07","slug":"sikeres-evet-zart-a-recas-pinceszet","status":"publish","type":"post","link":"http:\/\/transylwine.hu\/index.php\/sikeres-evet-zart-a-recas-pinceszet\/","title":{"rendered":"Sikeres \u00e9vet z\u00e1rt a Recas pinc\u00e9szet"},"content":{"rendered":"<p><!--:hu--><img loading=\"lazy\" class=\"alignleft  wp-image-127\" title=\"GIA_1479\" src=\"http:\/\/transylwine.hu\/wp-content\/uploads\/2012\/06\/GIA_1479-300x199.jpg\" alt=\"\" width=\"180\" height=\"119\" srcset=\"http:\/\/transylwine.hu\/wp-content\/uploads\/2012\/06\/GIA_1479-300x199.jpg 300w, http:\/\/transylwine.hu\/wp-content\/uploads\/2012\/06\/GIA_1479-140x93.jpg 140w, http:\/\/transylwine.hu\/wp-content\/uploads\/2012\/06\/GIA_1479-1024x681.jpg 1024w, http:\/\/transylwine.hu\/wp-content\/uploads\/2012\/06\/GIA_1479-176x117.jpg 176w, http:\/\/transylwine.hu\/wp-content\/uploads\/2012\/06\/GIA_1479-114x75.jpg 114w\" sizes=\"(max-width: 180px) 100vw, 180px\" \/><\/p>\n<p style=\"text-align: justify;\">Az elm\u00falt 10 \u00e9vhez hasonl\u00f3an igen sikeres volt 2011-es \u00e9v is a Recas pinc\u00e9szet \u00e9let\u00e9ben. 18 milli\u00f3 EUR forgalmat \u00e9rtek el, ami 33% n\u00f6veked\u00e9s az el\u0151z\u0151 \u00e9vhez k\u00e9pest. Minden piacon siker\u00fclt n\u00f6velni az elad\u00e1st, de a legnagyobb m\u00e9rt\u00e9kben, 140% n\u00f6veked\u00e9ssel az export hozta a legjobb eredm\u00e9ny<\/p>\n<div><\/div>\n<p>.<!--:--><\/p>\n","protected":false},"excerpt":{"rendered":"<p>Az elm\u00falt 10 \u00e9vhez hasonl\u00f3an igen sikeres volt 2011-es \u00e9v is a Recas pinc\u00e9szet \u00e9let\u00e9ben. 18 milli\u00f3 EUR forgalmat \u00e9rtek el, ami 33% n\u00f6veked\u00e9s az el\u0151z\u0151 \u00e9vhez k\u00e9pest. Minden piacon siker\u00fclt n\u00f6velni az elad\u00e1st, de a legnagyobb m\u00e9rt\u00e9kben, 140% n\u00f6veked\u00e9ssel az export hozta a legjobb eredm\u00e9ny .<\/p>\n","protected":false},"author":2,"featured_media":0,"comment_status":"closed","ping_status":"closed","sticky":false,"template":"","format":"standard","meta":{"_monsterinsights_skip_tracking":false,"_monsterinsights_sitenote_active":false,"_monsterinsights_sitenote_note":"","_monsterinsights_sitenote_category":0},"categories":[1],"tags":[],"yoast_head":"<!-- This site is optimized with the Yoast SEO plugin v17.9 - https:\/\/yoast.com\/wordpress\/plugins\/seo\/ -->\n<title>Sikeres \u00e9vet z\u00e1rt a Recas pinc\u00e9szet - Transylwine Kft.<\/title>\n<meta name=\"description\" content=\"Az elm\u00falt 10 \u00e9vhez hasonl\u00f3an igen sikeres volt 2011-es \u00e9v is a Recas pinc\u00e9szet \u00e9let\u00e9ben. 18 milli\u00f3 EUR forgalmat \u00e9rtek el, ami 33% n\u00f6veked\u00e9s az el\u0151z\u0151\" \/>\n<meta name=\"robots\" content=\"index, follow, max-snippet:-1, max-image-preview:large, max-video-preview:-1\" \/>\n<link rel=\"canonical\" href=\"http:\/\/transylwine.hu\/index.php\/sikeres-evet-zart-a-recas-pinceszet\/\" \/>\n<meta property=\"og:locale\" content=\"hu_HU\" \/>\n<meta property=\"og:type\" content=\"article\" \/>\n<meta property=\"og:title\" content=\"Sikeres \u00e9vet z\u00e1rt a Recas pinc\u00e9szet - Transylwine Kft.\" \/>\n<meta property=\"og:description\" content=\"Az elm\u00falt 10 \u00e9vhez hasonl\u00f3an igen sikeres volt 2011-es \u00e9v is a Recas pinc\u00e9szet \u00e9let\u00e9ben. 18 milli\u00f3 EUR forgalmat \u00e9rtek el, ami 33% n\u00f6veked\u00e9s az el\u0151z\u0151\" \/>\n<meta property=\"og:url\" content=\"http:\/\/transylwine.hu\/index.php\/sikeres-evet-zart-a-recas-pinceszet\/\" \/>\n<meta property=\"og:site_name\" content=\"Transylwine Kft.\" \/>\n<meta property=\"article:published_time\" content=\"2012-04-27T11:14:56+00:00\" \/>\n<meta property=\"article:modified_time\" content=\"2022-01-21T08:26:07+00:00\" \/>\n<meta property=\"og:image\" content=\"http:\/\/transylwine.hu\/wp-content\/uploads\/2012\/06\/GIA_1479-300x199.jpg\" \/>\n<meta name=\"twitter:label1\" content=\"Szerz\u0151:\" \/>\n\t<meta name=\"twitter:data1\" content=\"attila\" \/>\n<script type=\"application\/ld+json\" class=\"yoast-schema-graph\">{\"@context\":\"https:\/\/schema.org\",\"@graph\":[{\"@type\":\"WebSite\",\"@id\":\"https:\/\/transylwine.hu\/#website\",\"url\":\"https:\/\/transylwine.hu\/\",\"name\":\"Transylwine Kft.\",\"description\":\"Az erd\\u00e9lyi Recas borok magyarorsz\\u00e1gi forgalmaz\\u00f3ja\",\"potentialAction\":[{\"@type\":\"SearchAction\",\"target\":{\"@type\":\"EntryPoint\",\"urlTemplate\":\"https:\/\/transylwine.hu\/?s={search_term_string}\"},\"query-input\":\"required name=search_term_string\"}],\"inLanguage\":\"hu\"},{\"@type\":\"ImageObject\",\"@id\":\"http:\/\/transylwine.hu\/index.php\/sikeres-evet-zart-a-recas-pinceszet\/#primaryimage\",\"inLanguage\":\"hu\",\"url\":\"http:\/\/transylwine.hu\/wp-content\/uploads\/2012\/06\/GIA_1479.jpg\",\"contentUrl\":\"http:\/\/transylwine.hu\/wp-content\/uploads\/2012\/06\/GIA_1479.jpg\",\"width\":4256,\"height\":2832},{\"@type\":\"WebPage\",\"@id\":\"http:\/\/transylwine.hu\/index.php\/sikeres-evet-zart-a-recas-pinceszet\/#webpage\",\"url\":\"http:\/\/transylwine.hu\/index.php\/sikeres-evet-zart-a-recas-pinceszet\/\",\"name\":\"Sikeres \\u00e9vet z\\u00e1rt a Recas pinc\\u00e9szet - Transylwine Kft.\",\"isPartOf\":{\"@id\":\"https:\/\/transylwine.hu\/#website\"},\"primaryImageOfPage\":{\"@id\":\"http:\/\/transylwine.hu\/index.php\/sikeres-evet-zart-a-recas-pinceszet\/#primaryimage\"},\"datePublished\":\"2012-04-27T11:14:56+00:00\",\"dateModified\":\"2022-01-21T08:26:07+00:00\",\"author\":{\"@id\":\"https:\/\/transylwine.hu\/#\/schema\/person\/f39fff9a2910c169d2977d9a7781885a\"},\"description\":\"Az elm\\u00falt 10 \\u00e9vhez hasonl\\u00f3an igen sikeres volt 2011-es \\u00e9v is a Recas pinc\\u00e9szet \\u00e9let\\u00e9ben. 18 milli\\u00f3 EUR forgalmat \\u00e9rtek el, ami 33% n\\u00f6veked\\u00e9s az el\\u0151z\\u0151\",\"breadcrumb\":{\"@id\":\"http:\/\/transylwine.hu\/index.php\/sikeres-evet-zart-a-recas-pinceszet\/#breadcrumb\"},\"inLanguage\":\"hu\",\"potentialAction\":[{\"@type\":\"ReadAction\",\"target\":[\"http:\/\/transylwine.hu\/index.php\/sikeres-evet-zart-a-recas-pinceszet\/\"]}]},{\"@type\":\"BreadcrumbList\",\"@id\":\"http:\/\/transylwine.hu\/index.php\/sikeres-evet-zart-a-recas-pinceszet\/#breadcrumb\",\"itemListElement\":[{\"@type\":\"ListItem\",\"position\":1,\"name\":\"Home\",\"item\":\"https:\/\/transylwine.hu\/\"},{\"@type\":\"ListItem\",\"position\":2,\"name\":\"Sikeres \\u00e9vet z\\u00e1rt a Recas pinc\\u00e9szet\"}]},{\"@type\":\"Person\",\"@id\":\"https:\/\/transylwine.hu\/#\/schema\/person\/f39fff9a2910c169d2977d9a7781885a\",\"name\":\"attila\",\"image\":{\"@type\":\"ImageObject\",\"@id\":\"https:\/\/transylwine.hu\/#personlogo\",\"inLanguage\":\"hu\",\"url\":\"http:\/\/1.gravatar.com\/avatar\/4f2dcb726f09aea71a50f03462801a33?s=96&d=mm&r=g\",\"contentUrl\":\"http:\/\/1.gravatar.com\/avatar\/4f2dcb726f09aea71a50f03462801a33?s=96&d=mm&r=g\",\"caption\":\"attila\"},\"url\":\"http:\/\/transylwine.hu\/index.php\/author\/attila\/\"}]}<\/script>\n<!-- \/ Yoast SEO plugin. -->","yoast_head_json":{"title":"Sikeres \u00e9vet z\u00e1rt a Recas pinc\u00e9szet - Transylwine Kft.","description":"Az elm\u00falt 10 \u00e9vhez hasonl\u00f3an igen sikeres volt 2011-es \u00e9v is a Recas pinc\u00e9szet \u00e9let\u00e9ben. 18 milli\u00f3 EUR forgalmat \u00e9rtek el, ami 33% n\u00f6veked\u00e9s az el\u0151z\u0151","robots":{"index":"index","follow":"follow","max-snippet":"max-snippet:-1","max-image-preview":"max-image-preview:large","max-video-preview":"max-video-preview:-1"},"canonical":"http:\/\/transylwine.hu\/index.php\/sikeres-evet-zart-a-recas-pinceszet\/","og_locale":"hu_HU","og_type":"article","og_title":"Sikeres \u00e9vet z\u00e1rt a Recas pinc\u00e9szet - Transylwine Kft.","og_description":"Az elm\u00falt 10 \u00e9vhez hasonl\u00f3an igen sikeres volt 2011-es \u00e9v is a Recas pinc\u00e9szet \u00e9let\u00e9ben. 18 milli\u00f3 EUR forgalmat \u00e9rtek el, ami 33% n\u00f6veked\u00e9s az el\u0151z\u0151","og_url":"http:\/\/transylwine.hu\/index.php\/sikeres-evet-zart-a-recas-pinceszet\/","og_site_name":"Transylwine Kft.","article_published_time":"2012-04-27T11:14:56+00:00","article_modified_time":"2022-01-21T08:26:07+00:00","og_image":[{"url":"http:\/\/transylwine.hu\/wp-content\/uploads\/2012\/06\/GIA_1479-300x199.jpg"}],"twitter_misc":{"Szerz\u0151:":"attila"},"schema":{"@context":"https:\/\/schema.org","@graph":[{"@type":"WebSite","@id":"https:\/\/transylwine.hu\/#website","url":"https:\/\/transylwine.hu\/","name":"Transylwine Kft.","description":"Az erd\u00e9lyi Recas borok magyarorsz\u00e1gi forgalmaz\u00f3ja","potentialAction":[{"@type":"SearchAction","target":{"@type":"EntryPoint","urlTemplate":"https:\/\/transylwine.hu\/?s={search_term_string}"},"query-input":"required name=search_term_string"}],"inLanguage":"hu"},{"@type":"ImageObject","@id":"http:\/\/transylwine.hu\/index.php\/sikeres-evet-zart-a-recas-pinceszet\/#primaryimage","inLanguage":"hu","url":"http:\/\/transylwine.hu\/wp-content\/uploads\/2012\/06\/GIA_1479.jpg","contentUrl":"http:\/\/transylwine.hu\/wp-content\/uploads\/2012\/06\/GIA_1479.jpg","width":4256,"height":2832},{"@type":"WebPage","@id":"http:\/\/transylwine.hu\/index.php\/sikeres-evet-zart-a-recas-pinceszet\/#webpage","url":"http:\/\/transylwine.hu\/index.php\/sikeres-evet-zart-a-recas-pinceszet\/","name":"Sikeres \u00e9vet z\u00e1rt a Recas pinc\u00e9szet - Transylwine Kft.","isPartOf":{"@id":"https:\/\/transylwine.hu\/#website"},"primaryImageOfPage":{"@id":"http:\/\/transylwine.hu\/index.php\/sikeres-evet-zart-a-recas-pinceszet\/#primaryimage"},"datePublished":"2012-04-27T11:14:56+00:00","dateModified":"2022-01-21T08:26:07+00:00","author":{"@id":"https:\/\/transylwine.hu\/#\/schema\/person\/f39fff9a2910c169d2977d9a7781885a"},"description":"Az elm\u00falt 10 \u00e9vhez hasonl\u00f3an igen sikeres volt 2011-es \u00e9v is a Recas pinc\u00e9szet \u00e9let\u00e9ben. 18 milli\u00f3 EUR forgalmat \u00e9rtek el, ami 33% n\u00f6veked\u00e9s az el\u0151z\u0151","breadcrumb":{"@id":"http:\/\/transylwine.hu\/index.php\/sikeres-evet-zart-a-recas-pinceszet\/#breadcrumb"},"inLanguage":"hu","potentialAction":[{"@type":"ReadAction","target":["http:\/\/transylwine.hu\/index.php\/sikeres-evet-zart-a-recas-pinceszet\/"]}]},{"@type":"BreadcrumbList","@id":"http:\/\/transylwine.hu\/index.php\/sikeres-evet-zart-a-recas-pinceszet\/#breadcrumb","itemListElement":[{"@type":"ListItem","position":1,"name":"Home","item":"https:\/\/transylwine.hu\/"},{"@type":"ListItem","position":2,"name":"Sikeres \u00e9vet z\u00e1rt a Recas pinc\u00e9szet"}]},{"@type":"Person","@id":"https:\/\/transylwine.hu\/#\/schema\/person\/f39fff9a2910c169d2977d9a7781885a","name":"attila","image":{"@type":"ImageObject","@id":"https:\/\/transylwine.hu\/#personlogo","inLanguage":"hu","url":"http:\/\/1.gravatar.com\/avatar\/4f2dcb726f09aea71a50f03462801a33?s=96&d=mm&r=g","contentUrl":"http:\/\/1.gravatar.com\/avatar\/4f2dcb726f09aea71a50f03462801a33?s=96&d=mm&r=g","caption":"attila"},"url":"http:\/\/transylwine.hu\/index.php\/author\/attila\/"}]}},"_links":{"self":[{"href":"http:\/\/transylwine.hu\/index.php\/wp-json\/wp\/v2\/posts\/376"}],"collection":[{"href":"http:\/\/transylwine.hu\/index.php\/wp-json\/wp\/v2\/posts"}],"about":[{"href":"http:\/\/transylwine.hu\/index.php\/wp-json\/wp\/v2\/types\/post"}],"author":[{"embeddable":true,"href":"http:\/\/transylwine.hu\/index.php\/wp-json\/wp\/v2\/users\/2"}],"replies":[{"embeddable":true,"href":"http:\/\/transylwine.hu\/index.php\/wp-json\/wp\/v2\/comments?post=376"}],"version-history":[{"count":5,"href":"http:\/\/transylwine.hu\/index.php\/wp-json\/wp\/v2\/posts\/376\/revisions"}],"predecessor-version":[{"id":3226,"href":"http:\/\/transylwine.hu\/index.php\/wp-json\/wp\/v2\/posts\/376\/revisions\/3226"}],"wp:attachment":[{"href":"http:\/\/transylwine.hu\/index.php\/wp-json\/wp\/v2\/media?parent=376"}],"wp:term":[{"taxonomy":"category","embeddable":true,"href":"http:\/\/transylwine.hu\/index.php\/wp-json\/wp\/v2\/categories?post=376"},{"taxonomy":"post_tag","embeddable":true,"href":"http:\/\/transylwine.hu\/index.php\/wp-json\/wp\/v2\/tags?post=376"}],"curies":[{"name":"wp","href":"https:\/\/api.w.org\/{rel}","templated":true}]}}