{"id":1463,"date":"2014-11-19T12:19:00","date_gmt":"2014-11-19T11:19:00","guid":{"rendered":"http:\/\/transylwine.hu\/?p=1463"},"modified":"2022-01-21T09:25:28","modified_gmt":"2022-01-21T08:25:28","slug":"fekete-leanyka","status":"publish","type":"post","link":"http:\/\/transylwine.hu\/index.php\/fekete-leanyka\/","title":{"rendered":"Fekete Le\u00e1nyka, a titkos favorit"},"content":{"rendered":"<p><!--:hu--><strong>Mi\u00e9rt k\u00fcl\u00f6nleges a Fekete Le\u00e1nyka? &#8211; k\u00e9rdezt\u00fck az erd\u00e9lyi borok kiv\u00e1l\u00f3 ismer\u0151j\u00e9t, Gali Ferencet.<\/strong><\/p>\n<p>K\u00e9tezer \u00e9vvel ezel\u0151tt a mai Erd\u00e9ly ter\u00fclet\u00e9n m\u00e1r l\u00e9tezett Feh\u00e9r- \u00e9s Fekete Le\u00e1nyka. Azonban m\u00edg a Feh\u00e9r Le\u00e1nyka Magyarorsz\u00e1gra is \u00e1tker\u00fclt &#8211; \u00e9s k\u00e9s\u0151bb a K\u00f6v\u00e9rsz\u0151l\u0151vel t\u00f6rt\u00e9nt keresztez\u00e9s sor\u00e1n l\u00e9trej\u00f6tt Kir\u00e1lyle\u00e1nyka szint\u00e9n -, addig a Fekete Le\u00e1nyka megmaradt az erd\u00e9lyi ter\u00fcleteken. <em>(A&nbsp;K\u00f6v\u00e9rsz\u0151l\u0151 szint\u00e9n erd\u00e9lyi eredet\u0171, amelyet &nbsp;mostan\u00e1ban \u00fajra felfedeznek Tokajban &#8211; a szerk.)<\/em><br \/>\nManaps\u00e1g a vil\u00e1g borfogyaszt\u00f3i a helyi fajt\u00e1kra k\u00edv\u00e1ncsiak, \u00edgy \u00f3ri\u00e1si az \u00e9rdekl\u0151d\u00e9s a Fekete Le\u00e1nyka ir\u00e1nt. A vil\u00e1gh\u00edr\u0171 borszak\u00edr\u00f3, Jancis Robinson az eg\u00e9sz rom\u00e1n bork\u00edn\u00e1lat legszebb t\u00e9telek\u00e9nt jellemezte a Recas pinc\u00e9szet La Putere&nbsp;Fekete Le\u00e1nyk\u00e1j\u00e1t. Az sem v\u00e9letlen, hogy Rom\u00e1ni\u00e1ban a legt\u00f6bb \u00faj telep\u00edt\u00e9s\u0171 sz\u0151l\u0151 Fekete Le\u00e1nyka.<\/p>\n<p><strong>Szem\u00e9ly szerint mi\u00e9rt kedveled ezt a borfajt\u00e1t?<\/strong><\/p>\n<p>Nagyon szeretem azt az sokr\u00e9t\u0171 izgalmass\u00e1got, amit ez&nbsp; borfajta ad. Illata nagyon gazdag gy\u00fcm\u00f6lcs\u00f6s \u00e1rnyalatokban, legink\u00e1bb ribizli, \u00e1fonya, szeder, meggy \u00e9s nemritk\u00e1n szilv\u00e1s jegyeket is mutat. Az \u00edz\u00e9ben pedig kar\u00e1csonyi f\u0171szerek kavalk\u00e1dja, de engem nagyon gyakran eml\u00e9keztet a gyermekkoromban k\u00f3stolt k\u00f6k\u00e9nyre, amelyet m\u00e1r kicsit megcs\u00edpett a d\u00e9r.<\/p>\n<p><strong>Milyen \u00e9telekhez aj\u00e1nlan\u00e1d a Fekete Le\u00e1nyk\u00e1t?<\/strong><\/p>\n<p>Mivel rendelkezik a magyar sz\u00e1j\u00edznek megfelel\u0151 f\u0171szeress\u00e9ggel, ez\u00e9rt kiv\u00e1l\u00f3 k\u00eds\u00e9r\u0151je a K\u00e1rp\u00e1t-medencei \u00e9teleknek. A legnagyobb gasztron\u00f3miai \u00e9lm\u00e9nyt b\u00e1r\u00e1ny\u00e9telek, kacsa- \u00e9s libas\u00fcltek mellett adja.<\/p>\n<p><strong>H\u00e1ny \u00e9vig \u00e9rlelhet\u0151 a Fekete Le\u00e1nyka?<\/strong><br \/>\n<a href=\"http:\/\/transylwine.hu\/wp-content\/uploads\/2014\/11\/fl2.jpg\"><img loading=\"lazy\" class=\"alignright wp-image-1467 size-medium\" src=\"http:\/\/transylwine.hu\/wp-content\/uploads\/2014\/11\/fl2-199x300.jpg\" alt=\"fl2\" width=\"199\" height=\"300\" srcset=\"http:\/\/transylwine.hu\/wp-content\/uploads\/2014\/11\/fl2-199x300.jpg 199w, http:\/\/transylwine.hu\/wp-content\/uploads\/2014\/11\/fl2-66x100.jpg 66w, http:\/\/transylwine.hu\/wp-content\/uploads\/2014\/11\/fl2-176x264.jpg 176w, http:\/\/transylwine.hu\/wp-content\/uploads\/2014\/11\/fl2.jpg 479w\" sizes=\"(max-width: 199px) 100vw, 199px\" \/><\/a><br \/>\nMegfelel\u0151en term\u00e9skorl\u00e1tozott ter\u00fcletr\u0151l sz\u00fcretelt \u00e9s finoman hord\u00f3zott bor eset\u00e9ben 8-10 \u00e9vig.<\/p>\n<p><strong>Lehet-e hasonl\u00edtani b\u00e1rmelyik vil\u00e1gfajt\u00e1hoz? Mit mondjak r\u00f3la, ha egy k\u00fclf\u00f6ldinek szeretn\u00e9m aj\u00e1nlani?<\/strong><\/p>\n<p>R\u00f6viden, vagy hosszan v\u00e1laszoljak?<\/p>\n<p><strong>Mindk\u00e9t verzi\u00f3 \u00e9rdekel!<\/strong><\/p>\n<p>R\u00f6viden: a kifinomults\u00e1ga, eleganci\u00e1ja \u00e9s sokr\u00e9t\u0171s\u00e9ge miatt legink\u00e1bb a burgundiai Pinot noirhoz lehet hasonl\u00edtani. S\u0151t m\u00e9g a sz\u0151l\u0151k\u00e9nt is hasonl\u00f3an k\u00e9nyes: v\u00e9konyh\u00e9j\u00fa, \u00edgy hajlamos a rothad\u00e1sra.<\/p>\n<p>Kicsit hosszabban: olyan mintha egy n\u00e9gy fajt\u00e1b\u00f3l \u00e1ll\u00f3 cuv\u00e9e lenne, amelyben fellelhet\u0151 a Syrah f\u0171szeress\u00e9ge, a Cabernet sauvignon testess\u00e9ge, a Pinot noir kifinomults\u00e1ga \u00e9s a K\u00e9kfrankos gy\u00fcm\u00f6lcs\u00f6ss\u00e9ge. Persze ezen a ponton a k\u00fclf\u00f6ldieknek a K\u00e9kfrankosr\u00f3l is mes\u00e9lni kellene \ud83d\ude42&nbsp;De az a legjobb, ha megk\u00f3stolj\u00e1k! \ud83d\ude42<br \/>\nSzem\u00e9lyes tapasztalatom, hogy a k\u00fclf\u00f6ldiek a legizgalmasabb bornak tartj\u00e1k a borsorban \u00e9s csod\u00e1lkoznak, megd\u00f6bbennek, amikor el\u0151sz\u00f6r k\u00f3stolj\u00e1k a Fekete Le\u00e1nyk\u00e1t.<\/p>\n<p><!--:--><\/p>\n","protected":false},"excerpt":{"rendered":"<p>Mi\u00e9rt k\u00fcl\u00f6nleges a Fekete Le\u00e1nyka? &#8211; k\u00e9rdezt\u00fck az erd\u00e9lyi borok kiv\u00e1l\u00f3 ismer\u0151j\u00e9t, Gali Ferencet. K\u00e9tezer \u00e9vvel ezel\u0151tt a mai Erd\u00e9ly ter\u00fclet\u00e9n m\u00e1r l\u00e9tezett Feh\u00e9r- \u00e9s Fekete Le\u00e1nyka. Azonban m\u00edg a Feh\u00e9r Le\u00e1nyka Magyarorsz\u00e1gra is \u00e1tker\u00fclt &#8211; \u00e9s k\u00e9s\u0151bb a K\u00f6v\u00e9rsz\u0151l\u0151vel t\u00f6rt\u00e9nt keresztez\u00e9s sor\u00e1n l\u00e9trej\u00f6tt Kir\u00e1lyle\u00e1nyka szint\u00e9n -, addig a Fekete Le\u00e1nyka megmaradt az erd\u00e9lyi ter\u00fcleteken. [&hellip;]<\/p>\n","protected":false},"author":3,"featured_media":1469,"comment_status":"closed","ping_status":"closed","sticky":false,"template":"","format":"standard","meta":{"_monsterinsights_skip_tracking":false,"_monsterinsights_sitenote_active":false,"_monsterinsights_sitenote_note":"","_monsterinsights_sitenote_category":0},"categories":[109],"tags":[],"yoast_head":"<!-- This site is optimized with the Yoast SEO plugin v17.9 - https:\/\/yoast.com\/wordpress\/plugins\/seo\/ -->\n<title>Mi\u00e9rt k\u00fcl\u00f6nleges a Fekete Le\u00e1nyka?<\/title>\n<meta name=\"description\" content=\"Manaps\u00e1g a vil\u00e1g borfogyaszt\u00f3i a helyi fajt\u00e1kra k\u00edv\u00e1ncsiak, \u00edgy \u00f3ri\u00e1si az \u00e9rdekl\u0151d\u00e9s a Fekete Le\u00e1nyka ir\u00e1nt.\" \/>\n<meta name=\"robots\" content=\"index, follow, max-snippet:-1, max-image-preview:large, max-video-preview:-1\" \/>\n<link rel=\"canonical\" href=\"https:\/\/transylwine.hu\/index.php\/fekete-leanyka\/\" \/>\n<meta property=\"og:locale\" content=\"hu_HU\" \/>\n<meta property=\"og:type\" content=\"article\" \/>\n<meta property=\"og:title\" content=\"Mi\u00e9rt k\u00fcl\u00f6nleges a Fekete Le\u00e1nyka?\" \/>\n<meta property=\"og:description\" content=\"Manaps\u00e1g a vil\u00e1g borfogyaszt\u00f3i a helyi fajt\u00e1kra k\u00edv\u00e1ncsiak, \u00edgy \u00f3ri\u00e1si az \u00e9rdekl\u0151d\u00e9s a Fekete Le\u00e1nyka ir\u00e1nt.\" \/>\n<meta property=\"og:url\" content=\"https:\/\/transylwine.hu\/index.php\/fekete-leanyka\/\" \/>\n<meta property=\"og:site_name\" content=\"Transylwine Kft.\" \/>\n<meta property=\"article:published_time\" content=\"2014-11-19T11:19:00+00:00\" \/>\n<meta property=\"article:modified_time\" content=\"2022-01-21T08:25:28+00:00\" \/>\n<meta property=\"og:image\" content=\"https:\/\/transylwine.hu\/wp-content\/uploads\/2014\/11\/fl3.jpg\" \/>\n\t<meta property=\"og:image:width\" content=\"479\" \/>\n\t<meta property=\"og:image:height\" content=\"497\" \/>\n\t<meta property=\"og:image:type\" content=\"image\/jpeg\" \/>\n<meta name=\"twitter:label1\" content=\"Szerz\u0151:\" \/>\n\t<meta name=\"twitter:data1\" content=\"Andr\u00e1s N\u00e1dasi\" \/>\n\t<meta name=\"twitter:label2\" content=\"Becs\u00fclt olvas\u00e1si id\u0151\" \/>\n\t<meta name=\"twitter:data2\" content=\"2 perc\" \/>\n<script type=\"application\/ld+json\" class=\"yoast-schema-graph\">{\"@context\":\"https:\/\/schema.org\",\"@graph\":[{\"@type\":\"WebSite\",\"@id\":\"https:\/\/transylwine.hu\/#website\",\"url\":\"https:\/\/transylwine.hu\/\",\"name\":\"Transylwine Kft.\",\"description\":\"Az erd\\u00e9lyi Recas borok magyarorsz\\u00e1gi forgalmaz\\u00f3ja\",\"potentialAction\":[{\"@type\":\"SearchAction\",\"target\":{\"@type\":\"EntryPoint\",\"urlTemplate\":\"https:\/\/transylwine.hu\/?s={search_term_string}\"},\"query-input\":\"required name=search_term_string\"}],\"inLanguage\":\"hu\"},{\"@type\":\"ImageObject\",\"@id\":\"https:\/\/transylwine.hu\/index.php\/fekete-leanyka\/#primaryimage\",\"inLanguage\":\"hu\",\"url\":\"http:\/\/transylwine.hu\/wp-content\/uploads\/2014\/11\/fl3.jpg\",\"contentUrl\":\"http:\/\/transylwine.hu\/wp-content\/uploads\/2014\/11\/fl3.jpg\",\"width\":479,\"height\":497},{\"@type\":\"WebPage\",\"@id\":\"https:\/\/transylwine.hu\/index.php\/fekete-leanyka\/#webpage\",\"url\":\"https:\/\/transylwine.hu\/index.php\/fekete-leanyka\/\",\"name\":\"Mi\\u00e9rt k\\u00fcl\\u00f6nleges a Fekete Le\\u00e1nyka?\",\"isPartOf\":{\"@id\":\"https:\/\/transylwine.hu\/#website\"},\"primaryImageOfPage\":{\"@id\":\"https:\/\/transylwine.hu\/index.php\/fekete-leanyka\/#primaryimage\"},\"datePublished\":\"2014-11-19T11:19:00+00:00\",\"dateModified\":\"2022-01-21T08:25:28+00:00\",\"author\":{\"@id\":\"https:\/\/transylwine.hu\/#\/schema\/person\/aba914bfb800e79d133b569e2a1e84eb\"},\"description\":\"Manaps\\u00e1g a vil\\u00e1g borfogyaszt\\u00f3i a helyi fajt\\u00e1kra k\\u00edv\\u00e1ncsiak, \\u00edgy \\u00f3ri\\u00e1si az \\u00e9rdekl\\u0151d\\u00e9s a Fekete Le\\u00e1nyka ir\\u00e1nt.\",\"breadcrumb\":{\"@id\":\"https:\/\/transylwine.hu\/index.php\/fekete-leanyka\/#breadcrumb\"},\"inLanguage\":\"hu\",\"potentialAction\":[{\"@type\":\"ReadAction\",\"target\":[\"https:\/\/transylwine.hu\/index.php\/fekete-leanyka\/\"]}]},{\"@type\":\"BreadcrumbList\",\"@id\":\"https:\/\/transylwine.hu\/index.php\/fekete-leanyka\/#breadcrumb\",\"itemListElement\":[{\"@type\":\"ListItem\",\"position\":1,\"name\":\"Home\",\"item\":\"https:\/\/transylwine.hu\/\"},{\"@type\":\"ListItem\",\"position\":2,\"name\":\"Fekete Le\\u00e1nyka, a titkos favorit\"}]},{\"@type\":\"Person\",\"@id\":\"https:\/\/transylwine.hu\/#\/schema\/person\/aba914bfb800e79d133b569e2a1e84eb\",\"name\":\"Andr\\u00e1s N\\u00e1dasi\",\"image\":{\"@type\":\"ImageObject\",\"@id\":\"https:\/\/transylwine.hu\/#personlogo\",\"inLanguage\":\"hu\",\"url\":\"http:\/\/2.gravatar.com\/avatar\/ed8c3644e426dfb1b116a983505b706c?s=96&d=mm&r=g\",\"contentUrl\":\"http:\/\/2.gravatar.com\/avatar\/ed8c3644e426dfb1b116a983505b706c?s=96&d=mm&r=g\",\"caption\":\"Andr\\u00e1s N\\u00e1dasi\"},\"url\":\"http:\/\/transylwine.hu\/index.php\/author\/nadasian\/\"}]}<\/script>\n<!-- \/ Yoast SEO plugin. -->","yoast_head_json":{"title":"Mi\u00e9rt k\u00fcl\u00f6nleges a Fekete Le\u00e1nyka?","description":"Manaps\u00e1g a vil\u00e1g borfogyaszt\u00f3i a helyi fajt\u00e1kra k\u00edv\u00e1ncsiak, \u00edgy \u00f3ri\u00e1si az \u00e9rdekl\u0151d\u00e9s a Fekete Le\u00e1nyka ir\u00e1nt.","robots":{"index":"index","follow":"follow","max-snippet":"max-snippet:-1","max-image-preview":"max-image-preview:large","max-video-preview":"max-video-preview:-1"},"canonical":"https:\/\/transylwine.hu\/index.php\/fekete-leanyka\/","og_locale":"hu_HU","og_type":"article","og_title":"Mi\u00e9rt k\u00fcl\u00f6nleges a Fekete Le\u00e1nyka?","og_description":"Manaps\u00e1g a vil\u00e1g borfogyaszt\u00f3i a helyi fajt\u00e1kra k\u00edv\u00e1ncsiak, \u00edgy \u00f3ri\u00e1si az \u00e9rdekl\u0151d\u00e9s a Fekete Le\u00e1nyka ir\u00e1nt.","og_url":"https:\/\/transylwine.hu\/index.php\/fekete-leanyka\/","og_site_name":"Transylwine Kft.","article_published_time":"2014-11-19T11:19:00+00:00","article_modified_time":"2022-01-21T08:25:28+00:00","og_image":[{"width":479,"height":497,"url":"https:\/\/transylwine.hu\/wp-content\/uploads\/2014\/11\/fl3.jpg","type":"image\/jpeg"}],"twitter_misc":{"Szerz\u0151:":"Andr\u00e1s N\u00e1dasi","Becs\u00fclt olvas\u00e1si id\u0151":"2 perc"},"schema":{"@context":"https:\/\/schema.org","@graph":[{"@type":"WebSite","@id":"https:\/\/transylwine.hu\/#website","url":"https:\/\/transylwine.hu\/","name":"Transylwine Kft.","description":"Az erd\u00e9lyi Recas borok magyarorsz\u00e1gi forgalmaz\u00f3ja","potentialAction":[{"@type":"SearchAction","target":{"@type":"EntryPoint","urlTemplate":"https:\/\/transylwine.hu\/?s={search_term_string}"},"query-input":"required name=search_term_string"}],"inLanguage":"hu"},{"@type":"ImageObject","@id":"https:\/\/transylwine.hu\/index.php\/fekete-leanyka\/#primaryimage","inLanguage":"hu","url":"http:\/\/transylwine.hu\/wp-content\/uploads\/2014\/11\/fl3.jpg","contentUrl":"http:\/\/transylwine.hu\/wp-content\/uploads\/2014\/11\/fl3.jpg","width":479,"height":497},{"@type":"WebPage","@id":"https:\/\/transylwine.hu\/index.php\/fekete-leanyka\/#webpage","url":"https:\/\/transylwine.hu\/index.php\/fekete-leanyka\/","name":"Mi\u00e9rt k\u00fcl\u00f6nleges a Fekete Le\u00e1nyka?","isPartOf":{"@id":"https:\/\/transylwine.hu\/#website"},"primaryImageOfPage":{"@id":"https:\/\/transylwine.hu\/index.php\/fekete-leanyka\/#primaryimage"},"datePublished":"2014-11-19T11:19:00+00:00","dateModified":"2022-01-21T08:25:28+00:00","author":{"@id":"https:\/\/transylwine.hu\/#\/schema\/person\/aba914bfb800e79d133b569e2a1e84eb"},"description":"Manaps\u00e1g a vil\u00e1g borfogyaszt\u00f3i a helyi fajt\u00e1kra k\u00edv\u00e1ncsiak, \u00edgy \u00f3ri\u00e1si az \u00e9rdekl\u0151d\u00e9s a Fekete Le\u00e1nyka ir\u00e1nt.","breadcrumb":{"@id":"https:\/\/transylwine.hu\/index.php\/fekete-leanyka\/#breadcrumb"},"inLanguage":"hu","potentialAction":[{"@type":"ReadAction","target":["https:\/\/transylwine.hu\/index.php\/fekete-leanyka\/"]}]},{"@type":"BreadcrumbList","@id":"https:\/\/transylwine.hu\/index.php\/fekete-leanyka\/#breadcrumb","itemListElement":[{"@type":"ListItem","position":1,"name":"Home","item":"https:\/\/transylwine.hu\/"},{"@type":"ListItem","position":2,"name":"Fekete Le\u00e1nyka, a titkos favorit"}]},{"@type":"Person","@id":"https:\/\/transylwine.hu\/#\/schema\/person\/aba914bfb800e79d133b569e2a1e84eb","name":"Andr\u00e1s N\u00e1dasi","image":{"@type":"ImageObject","@id":"https:\/\/transylwine.hu\/#personlogo","inLanguage":"hu","url":"http:\/\/2.gravatar.com\/avatar\/ed8c3644e426dfb1b116a983505b706c?s=96&d=mm&r=g","contentUrl":"http:\/\/2.gravatar.com\/avatar\/ed8c3644e426dfb1b116a983505b706c?s=96&d=mm&r=g","caption":"Andr\u00e1s N\u00e1dasi"},"url":"http:\/\/transylwine.hu\/index.php\/author\/nadasian\/"}]}},"_links":{"self":[{"href":"http:\/\/transylwine.hu\/index.php\/wp-json\/wp\/v2\/posts\/1463"}],"collection":[{"href":"http:\/\/transylwine.hu\/index.php\/wp-json\/wp\/v2\/posts"}],"about":[{"href":"http:\/\/transylwine.hu\/index.php\/wp-json\/wp\/v2\/types\/post"}],"author":[{"embeddable":true,"href":"http:\/\/transylwine.hu\/index.php\/wp-json\/wp\/v2\/users\/3"}],"replies":[{"embeddable":true,"href":"http:\/\/transylwine.hu\/index.php\/wp-json\/wp\/v2\/comments?post=1463"}],"version-history":[{"count":19,"href":"http:\/\/transylwine.hu\/index.php\/wp-json\/wp\/v2\/posts\/1463\/revisions"}],"predecessor-version":[{"id":3221,"href":"http:\/\/transylwine.hu\/index.php\/wp-json\/wp\/v2\/posts\/1463\/revisions\/3221"}],"wp:featuredmedia":[{"embeddable":true,"href":"http:\/\/transylwine.hu\/index.php\/wp-json\/wp\/v2\/media\/1469"}],"wp:attachment":[{"href":"http:\/\/transylwine.hu\/index.php\/wp-json\/wp\/v2\/media?parent=1463"}],"wp:term":[{"taxonomy":"category","embeddable":true,"href":"http:\/\/transylwine.hu\/index.php\/wp-json\/wp\/v2\/categories?post=1463"},{"taxonomy":"post_tag","embeddable":true,"href":"http:\/\/transylwine.hu\/index.php\/wp-json\/wp\/v2\/tags?post=1463"}],"curies":[{"name":"wp","href":"https:\/\/api.w.org\/{rel}","templated":true}]}}