{"id":1407,"date":"2014-10-14T14:18:26","date_gmt":"2014-10-14T12:18:26","guid":{"rendered":"http:\/\/transylwine.hu\/?p=1407"},"modified":"2022-01-21T09:32:13","modified_gmt":"2022-01-21T08:32:13","slug":"budavari-borfesztival-2014","status":"publish","type":"post","link":"http:\/\/transylwine.hu\/index.php\/budavari-borfesztival-2014\/","title":{"rendered":"Sajt\u00f3visszhang &#8211; Budav\u00e1ri Borfesztiv\u00e1l 2014"},"content":{"rendered":"<p><!--:hu--><a href=\"http:\/\/transylwine.hu\/wp-content\/uploads\/2014\/10\/recas-bork\u00f3stol\u00f3-500x300.jpg\"><img loading=\"lazy\" class=\"alignright wp-image-1412 size-medium\" src=\"http:\/\/transylwine.hu\/wp-content\/uploads\/2014\/10\/recas-bork\u00f3stol\u00f3-500x300-300x180.jpg\" alt=\"recas-bork\u00f3stol\u00f3-500x300\" width=\"300\" height=\"180\" srcset=\"http:\/\/transylwine.hu\/wp-content\/uploads\/2014\/10\/recas-bork\u00f3stol\u00f3-500x300-300x180.jpg 300w, http:\/\/transylwine.hu\/wp-content\/uploads\/2014\/10\/recas-bork\u00f3stol\u00f3-500x300-140x84.jpg 140w, http:\/\/transylwine.hu\/wp-content\/uploads\/2014\/10\/recas-bork\u00f3stol\u00f3-500x300-176x105.jpg 176w, http:\/\/transylwine.hu\/wp-content\/uploads\/2014\/10\/recas-bork\u00f3stol\u00f3-500x300.jpg 500w\" sizes=\"(max-width: 300px) 100vw, 300px\" \/><\/a>Id\u00e9n is r\u00e9szt vett\u00fcnk a Budav\u00e1ri Borfesztiv\u00e1lon, ahol boraink osztatlan sikert arattak.\u00a0Az al\u00e1bbiakban a r\u00f3lunk sz\u00f3l\u00f3 online cikkeket gy\u0171jt\u00f6tt\u00fck egy csokorba.<\/p>\n<p><strong>Cremale Recas, v\u00f6r\u00f6s sorminta<\/strong><br \/>\n&#8220;A Recas bor\u00e1szat \u00e9vek \u00f3ta nagy kedvencem, nem utols\u00f3 sorban a magyarorsz\u00e1gi k\u00e9pvisel\u0151ik miatt. Gali Ferenc \u00e9s T\u00f3th Attila hatalmas munk\u00e1t v\u00e9geznek, hogy ezen a csod\u00e1s erd\u00e9lyi ter\u00fcleten termett borok hely\u00e9t megtal\u00e1lj\u00e1k a magyar gasztron\u00f3mi\u00e1ban. A pinc\u00e9szetben ultramodern k\u00f6r\u00fclm\u00e9nyek k\u00f6z\u00f6tt dolgozz\u00e1k fel a k\u00f6zel\u00a0 1000 hekt\u00e1r term\u00e9s\u00e9t. Ausztr\u00e1l \u00e9s spanyol bor\u00e1szati konzulensek seg\u00edtik a munk\u00e1t, akiknek a st\u00edlusa nagyban megjelenik a borokban. Rendk\u00edv\u00fcl tiszta, elk\u00e9peszt\u0151en gy\u00fcm\u00f6lcs\u00f6s, koncentr\u00e1lt , testes borok k\u00e9sz\u00fclnek.&#8221;<br \/>\n<a href=\"http:\/\/abormegen.blog.hu\/2014\/09\/23\/cremale_recas_voros_sorminta\" target=\"_blank\" rel=\"noopener\">Tov\u00e1bb a teljes cikkhez &#8211; A bor meg \u00e9n blog<\/a><\/p>\n<p><strong> Sz\u00e9pen kompon\u00e1lt borok a Recas-t\u00f3l<\/strong><br \/>\n&#8220;Nagyon tetszett a feh\u00e9r (egy k\u00e9ksz\u0151l\u0151 fajt\u00e1t is tartalmaz\u00f3) h\u00e1zas\u00edt\u00e1s, a Solo Quinta 2013, melynek \u00f6t \u00f6sszetev\u0151je: Chardonnay, Viognier, Kir\u00e1lyle\u00e1nyka, Muscat Ottonel, \u00e9s Kadarka. Sok-sok vir\u00e1g \u00e9s gy\u00fcm\u00f6lcs, kedves, maracuj\u00e1s-m\u00e9zes \u00edzvil\u00e1g, lend\u00fcletes savak, leheletnyi \u00e1sv\u00e1nyoss\u00e1g, nagyon teljes, sz\u00e9pre kompon\u00e1lt bor. Azt\u00e1n nem maradhatott el a La Puture Fekete Le\u00e1nyka 2013 sem a m\u00e1ln\u00e1s-aszalt meggyes-k\u00f6k\u00e9nyes, kar\u00e1csonyi f\u0171szeres, izgalmas \u00edzvil\u00e1g\u00e1val.&#8221;<br \/>\n<a href=\"http:\/\/zitaborblogja.blogspot.hu\/2014\/10\/orokke-nem-eshet-budavari-borfesztival.html\" target=\"_blank\" rel=\"noopener\">Tov\u00e1bb a teljes cikkhez &#8211; Borg\u0151z blog<\/a><\/p>\n<p><strong>\u00datvonalterv a legek borfesztiv\u00e1lj\u00e1hoz<\/strong><br \/>\n&#8220;Itt j\u00f6nne el az ideje az este megkoron\u00e1z\u00e1s\u00e1nak, mondjuk az erd\u00e9lyi Recas Fekete Le\u00e1nyk\u00e1j\u00e1val&#8230;&#8221;<br \/>\n<a href=\"http:\/\/www.szeretlekmagyarorszag.hu\/utvonalterv-a-legek-borfesztivaljahoz\/\u00a0\u00a0\" target=\"_blank\" rel=\"noopener\">Tov\u00e1bb a teljes cikkhez &#8211; Szeretlek Magyarorsz\u00e1g<\/a><!--:--><\/p>\n","protected":false},"excerpt":{"rendered":"<p>Id\u00e9n is r\u00e9szt vett\u00fcnk a Budav\u00e1ri Borfesztiv\u00e1lon, ahol boraink osztatlan sikert arattak.\u00a0Az al\u00e1bbiakban a r\u00f3lunk sz\u00f3l\u00f3 online cikkeket gy\u0171jt\u00f6tt\u00fck egy csokorba. Cremale Recas, v\u00f6r\u00f6s sorminta &#8220;A Recas bor\u00e1szat \u00e9vek \u00f3ta nagy kedvencem, nem utols\u00f3 sorban a magyarorsz\u00e1gi k\u00e9pvisel\u0151ik miatt. Gali Ferenc \u00e9s T\u00f3th Attila hatalmas munk\u00e1t v\u00e9geznek, hogy ezen a csod\u00e1s erd\u00e9lyi ter\u00fcleten termett borok [&hellip;]<\/p>\n","protected":false},"author":3,"featured_media":1416,"comment_status":"closed","ping_status":"closed","sticky":false,"template":"","format":"standard","meta":{"_monsterinsights_skip_tracking":false,"_monsterinsights_sitenote_active":false,"_monsterinsights_sitenote_note":"","_monsterinsights_sitenote_category":0},"categories":[1],"tags":[],"yoast_head":"<!-- This site is optimized with the Yoast SEO plugin v17.9 - https:\/\/yoast.com\/wordpress\/plugins\/seo\/ -->\n<title>Sajt\u00f3visszhang - Budav\u00e1ri Borfesztiv\u00e1l 2014 - Transylwine<\/title>\n<meta name=\"description\" content=\"Id\u00e9n is r\u00e9szt vett\u00fcnk a Budav\u00e1ri Borfesztiv\u00e1lon, ahol boraink osztatlan sikert arattak.\" \/>\n<meta name=\"robots\" content=\"index, follow, max-snippet:-1, max-image-preview:large, max-video-preview:-1\" \/>\n<link rel=\"canonical\" href=\"http:\/\/transylwine.hu\/index.php\/budavari-borfesztival-2014\/\" \/>\n<meta property=\"og:locale\" content=\"hu_HU\" \/>\n<meta property=\"og:type\" content=\"article\" \/>\n<meta property=\"og:title\" content=\"Sajt\u00f3visszhang - Budav\u00e1ri Borfesztiv\u00e1l 2014 - Transylwine\" \/>\n<meta property=\"og:description\" content=\"Id\u00e9n is r\u00e9szt vett\u00fcnk a Budav\u00e1ri Borfesztiv\u00e1lon, ahol boraink osztatlan sikert arattak.\" \/>\n<meta property=\"og:url\" content=\"http:\/\/transylwine.hu\/index.php\/budavari-borfesztival-2014\/\" \/>\n<meta property=\"og:site_name\" content=\"Transylwine Kft.\" \/>\n<meta property=\"article:published_time\" content=\"2014-10-14T12:18:26+00:00\" \/>\n<meta property=\"article:modified_time\" content=\"2022-01-21T08:32:13+00:00\" \/>\n<meta property=\"og:image\" content=\"http:\/\/transylwine.hu\/wp-content\/uploads\/2014\/10\/sq.jpg\" \/>\n\t<meta property=\"og:image:width\" content=\"1066\" \/>\n\t<meta property=\"og:image:height\" content=\"1600\" \/>\n\t<meta property=\"og:image:type\" content=\"image\/jpeg\" \/>\n<meta name=\"twitter:label1\" content=\"Szerz\u0151:\" \/>\n\t<meta name=\"twitter:data1\" content=\"Andr\u00e1s N\u00e1dasi\" \/>\n\t<meta name=\"twitter:label2\" content=\"Becs\u00fclt olvas\u00e1si id\u0151\" \/>\n\t<meta name=\"twitter:data2\" content=\"2 perc\" \/>\n<script type=\"application\/ld+json\" class=\"yoast-schema-graph\">{\"@context\":\"https:\/\/schema.org\",\"@graph\":[{\"@type\":\"WebSite\",\"@id\":\"http:\/\/transylwine.hu\/#website\",\"url\":\"http:\/\/transylwine.hu\/\",\"name\":\"Transylwine Kft.\",\"description\":\"Az erd\\u00e9lyi Recas borok magyarorsz\\u00e1gi forgalmaz\\u00f3ja\",\"potentialAction\":[{\"@type\":\"SearchAction\",\"target\":{\"@type\":\"EntryPoint\",\"urlTemplate\":\"http:\/\/transylwine.hu\/?s={search_term_string}\"},\"query-input\":\"required name=search_term_string\"}],\"inLanguage\":\"hu\"},{\"@type\":\"ImageObject\",\"@id\":\"http:\/\/transylwine.hu\/index.php\/budavari-borfesztival-2014\/#primaryimage\",\"inLanguage\":\"hu\",\"url\":\"http:\/\/transylwine.hu\/wp-content\/uploads\/2014\/10\/sq.jpg\",\"contentUrl\":\"http:\/\/transylwine.hu\/wp-content\/uploads\/2014\/10\/sq.jpg\",\"width\":1066,\"height\":1600},{\"@type\":\"WebPage\",\"@id\":\"http:\/\/transylwine.hu\/index.php\/budavari-borfesztival-2014\/#webpage\",\"url\":\"http:\/\/transylwine.hu\/index.php\/budavari-borfesztival-2014\/\",\"name\":\"Sajt\\u00f3visszhang - Budav\\u00e1ri Borfesztiv\\u00e1l 2014 - Transylwine\",\"isPartOf\":{\"@id\":\"http:\/\/transylwine.hu\/#website\"},\"primaryImageOfPage\":{\"@id\":\"http:\/\/transylwine.hu\/index.php\/budavari-borfesztival-2014\/#primaryimage\"},\"datePublished\":\"2014-10-14T12:18:26+00:00\",\"dateModified\":\"2022-01-21T08:32:13+00:00\",\"author\":{\"@id\":\"http:\/\/transylwine.hu\/#\/schema\/person\/aba914bfb800e79d133b569e2a1e84eb\"},\"description\":\"Id\\u00e9n is r\\u00e9szt vett\\u00fcnk a Budav\\u00e1ri Borfesztiv\\u00e1lon, ahol boraink osztatlan sikert arattak.\",\"breadcrumb\":{\"@id\":\"http:\/\/transylwine.hu\/index.php\/budavari-borfesztival-2014\/#breadcrumb\"},\"inLanguage\":\"hu\",\"potentialAction\":[{\"@type\":\"ReadAction\",\"target\":[\"http:\/\/transylwine.hu\/index.php\/budavari-borfesztival-2014\/\"]}]},{\"@type\":\"BreadcrumbList\",\"@id\":\"http:\/\/transylwine.hu\/index.php\/budavari-borfesztival-2014\/#breadcrumb\",\"itemListElement\":[{\"@type\":\"ListItem\",\"position\":1,\"name\":\"Home\",\"item\":\"https:\/\/transylwine.hu\/\"},{\"@type\":\"ListItem\",\"position\":2,\"name\":\"Sajt\\u00f3visszhang &#8211; Budav\\u00e1ri Borfesztiv\\u00e1l 2014\"}]},{\"@type\":\"Person\",\"@id\":\"http:\/\/transylwine.hu\/#\/schema\/person\/aba914bfb800e79d133b569e2a1e84eb\",\"name\":\"Andr\\u00e1s N\\u00e1dasi\",\"image\":{\"@type\":\"ImageObject\",\"@id\":\"http:\/\/transylwine.hu\/#personlogo\",\"inLanguage\":\"hu\",\"url\":\"http:\/\/2.gravatar.com\/avatar\/ed8c3644e426dfb1b116a983505b706c?s=96&d=mm&r=g\",\"contentUrl\":\"http:\/\/2.gravatar.com\/avatar\/ed8c3644e426dfb1b116a983505b706c?s=96&d=mm&r=g\",\"caption\":\"Andr\\u00e1s N\\u00e1dasi\"},\"url\":\"http:\/\/transylwine.hu\/index.php\/author\/nadasian\/\"}]}<\/script>\n<!-- \/ Yoast SEO plugin. -->","yoast_head_json":{"title":"Sajt\u00f3visszhang - Budav\u00e1ri Borfesztiv\u00e1l 2014 - Transylwine","description":"Id\u00e9n is r\u00e9szt vett\u00fcnk a Budav\u00e1ri Borfesztiv\u00e1lon, ahol boraink osztatlan sikert arattak.","robots":{"index":"index","follow":"follow","max-snippet":"max-snippet:-1","max-image-preview":"max-image-preview:large","max-video-preview":"max-video-preview:-1"},"canonical":"http:\/\/transylwine.hu\/index.php\/budavari-borfesztival-2014\/","og_locale":"hu_HU","og_type":"article","og_title":"Sajt\u00f3visszhang - Budav\u00e1ri Borfesztiv\u00e1l 2014 - Transylwine","og_description":"Id\u00e9n is r\u00e9szt vett\u00fcnk a Budav\u00e1ri Borfesztiv\u00e1lon, ahol boraink osztatlan sikert arattak.","og_url":"http:\/\/transylwine.hu\/index.php\/budavari-borfesztival-2014\/","og_site_name":"Transylwine Kft.","article_published_time":"2014-10-14T12:18:26+00:00","article_modified_time":"2022-01-21T08:32:13+00:00","og_image":[{"width":1066,"height":1600,"url":"http:\/\/transylwine.hu\/wp-content\/uploads\/2014\/10\/sq.jpg","type":"image\/jpeg"}],"twitter_misc":{"Szerz\u0151:":"Andr\u00e1s N\u00e1dasi","Becs\u00fclt olvas\u00e1si id\u0151":"2 perc"},"schema":{"@context":"https:\/\/schema.org","@graph":[{"@type":"WebSite","@id":"http:\/\/transylwine.hu\/#website","url":"http:\/\/transylwine.hu\/","name":"Transylwine Kft.","description":"Az erd\u00e9lyi Recas borok magyarorsz\u00e1gi forgalmaz\u00f3ja","potentialAction":[{"@type":"SearchAction","target":{"@type":"EntryPoint","urlTemplate":"http:\/\/transylwine.hu\/?s={search_term_string}"},"query-input":"required name=search_term_string"}],"inLanguage":"hu"},{"@type":"ImageObject","@id":"http:\/\/transylwine.hu\/index.php\/budavari-borfesztival-2014\/#primaryimage","inLanguage":"hu","url":"http:\/\/transylwine.hu\/wp-content\/uploads\/2014\/10\/sq.jpg","contentUrl":"http:\/\/transylwine.hu\/wp-content\/uploads\/2014\/10\/sq.jpg","width":1066,"height":1600},{"@type":"WebPage","@id":"http:\/\/transylwine.hu\/index.php\/budavari-borfesztival-2014\/#webpage","url":"http:\/\/transylwine.hu\/index.php\/budavari-borfesztival-2014\/","name":"Sajt\u00f3visszhang - Budav\u00e1ri Borfesztiv\u00e1l 2014 - Transylwine","isPartOf":{"@id":"http:\/\/transylwine.hu\/#website"},"primaryImageOfPage":{"@id":"http:\/\/transylwine.hu\/index.php\/budavari-borfesztival-2014\/#primaryimage"},"datePublished":"2014-10-14T12:18:26+00:00","dateModified":"2022-01-21T08:32:13+00:00","author":{"@id":"http:\/\/transylwine.hu\/#\/schema\/person\/aba914bfb800e79d133b569e2a1e84eb"},"description":"Id\u00e9n is r\u00e9szt vett\u00fcnk a Budav\u00e1ri Borfesztiv\u00e1lon, ahol boraink osztatlan sikert arattak.","breadcrumb":{"@id":"http:\/\/transylwine.hu\/index.php\/budavari-borfesztival-2014\/#breadcrumb"},"inLanguage":"hu","potentialAction":[{"@type":"ReadAction","target":["http:\/\/transylwine.hu\/index.php\/budavari-borfesztival-2014\/"]}]},{"@type":"BreadcrumbList","@id":"http:\/\/transylwine.hu\/index.php\/budavari-borfesztival-2014\/#breadcrumb","itemListElement":[{"@type":"ListItem","position":1,"name":"Home","item":"https:\/\/transylwine.hu\/"},{"@type":"ListItem","position":2,"name":"Sajt\u00f3visszhang &#8211; Budav\u00e1ri Borfesztiv\u00e1l 2014"}]},{"@type":"Person","@id":"http:\/\/transylwine.hu\/#\/schema\/person\/aba914bfb800e79d133b569e2a1e84eb","name":"Andr\u00e1s N\u00e1dasi","image":{"@type":"ImageObject","@id":"http:\/\/transylwine.hu\/#personlogo","inLanguage":"hu","url":"http:\/\/2.gravatar.com\/avatar\/ed8c3644e426dfb1b116a983505b706c?s=96&d=mm&r=g","contentUrl":"http:\/\/2.gravatar.com\/avatar\/ed8c3644e426dfb1b116a983505b706c?s=96&d=mm&r=g","caption":"Andr\u00e1s N\u00e1dasi"},"url":"http:\/\/transylwine.hu\/index.php\/author\/nadasian\/"}]}},"_links":{"self":[{"href":"http:\/\/transylwine.hu\/index.php\/wp-json\/wp\/v2\/posts\/1407"}],"collection":[{"href":"http:\/\/transylwine.hu\/index.php\/wp-json\/wp\/v2\/posts"}],"about":[{"href":"http:\/\/transylwine.hu\/index.php\/wp-json\/wp\/v2\/types\/post"}],"author":[{"embeddable":true,"href":"http:\/\/transylwine.hu\/index.php\/wp-json\/wp\/v2\/users\/3"}],"replies":[{"embeddable":true,"href":"http:\/\/transylwine.hu\/index.php\/wp-json\/wp\/v2\/comments?post=1407"}],"version-history":[{"count":8,"href":"http:\/\/transylwine.hu\/index.php\/wp-json\/wp\/v2\/posts\/1407\/revisions"}],"predecessor-version":[{"id":3249,"href":"http:\/\/transylwine.hu\/index.php\/wp-json\/wp\/v2\/posts\/1407\/revisions\/3249"}],"wp:featuredmedia":[{"embeddable":true,"href":"http:\/\/transylwine.hu\/index.php\/wp-json\/wp\/v2\/media\/1416"}],"wp:attachment":[{"href":"http:\/\/transylwine.hu\/index.php\/wp-json\/wp\/v2\/media?parent=1407"}],"wp:term":[{"taxonomy":"category","embeddable":true,"href":"http:\/\/transylwine.hu\/index.php\/wp-json\/wp\/v2\/categories?post=1407"},{"taxonomy":"post_tag","embeddable":true,"href":"http:\/\/transylwine.hu\/index.php\/wp-json\/wp\/v2\/tags?post=1407"}],"curies":[{"name":"wp","href":"https:\/\/api.w.org\/{rel}","templated":true}]}}