{"id":1376,"date":"2014-10-15T13:06:10","date_gmt":"2014-10-15T11:06:10","guid":{"rendered":"http:\/\/transylwine.hu\/?p=1376"},"modified":"2022-01-21T09:32:06","modified_gmt":"2022-01-21T08:32:06","slug":"2-kurtoskalacs-fesztival","status":"publish","type":"post","link":"http:\/\/transylwine.hu\/index.php\/2-kurtoskalacs-fesztival\/","title":{"rendered":"Szuper hangulatban telt a 2. K\u00fcrt\u0151skal\u00e1cs Fesztiv\u00e1l"},"content":{"rendered":"<p><!--:hu--><a href=\"http:\/\/transylwine.hu\/wp-content\/uploads\/2014\/10\/kalacs.jpg\"><img loading=\"lazy\" class=\"alignright wp-image-1377 size-medium\" src=\"http:\/\/transylwine.hu\/wp-content\/uploads\/2014\/10\/kalacs-300x199.jpg\" alt=\"kalacs\" width=\"300\" height=\"199\" srcset=\"http:\/\/transylwine.hu\/wp-content\/uploads\/2014\/10\/kalacs-300x199.jpg 300w, http:\/\/transylwine.hu\/wp-content\/uploads\/2014\/10\/kalacs-140x92.jpg 140w, http:\/\/transylwine.hu\/wp-content\/uploads\/2014\/10\/kalacs-176x116.jpg 176w, http:\/\/transylwine.hu\/wp-content\/uploads\/2014\/10\/kalacs.jpg 336w\" sizes=\"(max-width: 300px) 100vw, 300px\" \/><\/a><br \/>\nAhonnan a Recas borai sem hi\u00e1nyozhattak, hiszen erd\u00e9lyi \u00e9telhez erd\u00e9lyi bor duk\u00e1l. Standunkn\u00e1l a Merlot-b\u00f3l k\u00e9sz\u00fclt <a title=\"Recas \u2013 Sole roz\u00e9 2013\" href=\"http:\/\/transylwine.hu\/index.php\/termek\/sole-merlot-roze\/\">Sole roz\u00e9<\/a> \u00e9s a <a title=\"Recas \u2013 Kakas fekete le\u00e1nyka 2013\" href=\"http:\/\/transylwine.hu\/index.php\/termek\/kakas-fekete-leanyka\/\">Kakas Fekete le\u00e1nyka<\/a> borok fogytak a legjobban.<\/p>\n<p>A k\u00fcrt\u0151skal\u00e1cs a magyar nyelvter\u00fclet, k\u00fcl\u00f6n\u00f6sen a Sz\u00e9kelyf\u00f6ld kedvelt, jellegzetes s\u00fctem\u00e9nye. R\u00e9gebben f\u0151leg \u00fcnnepi alkalmakra k\u00e9sz\u00edtett\u00e9k. Els\u0151 ismert receptje gr\u00f3f zabolai Mikes M\u00e1ria 1784-es erd\u00e9lyi szak\u00e1csk\u00f6nyv\u00e9b\u0151l sz\u00e1rmazik. Az\u00a0eredeti recept\u00fara t\u00f6bb v\u00e1ltoz\u00e1son is \u00e1tesett, mire megsz\u00fcletett a mai form\u00e1j\u00e1ban ismert desszert.<\/p>\n<p><em>Fot\u00f3: Vanik Zolt\u00e1n<\/em><!--:--><\/p>\n","protected":false},"excerpt":{"rendered":"<p>Ahonnan a Recas borai sem hi\u00e1nyozhattak, hiszen erd\u00e9lyi \u00e9telhez erd\u00e9lyi bor duk\u00e1l. Standunkn\u00e1l a Merlot-b\u00f3l k\u00e9sz\u00fclt Sole roz\u00e9 \u00e9s a Kakas Fekete le\u00e1nyka borok fogytak a legjobban. A k\u00fcrt\u0151skal\u00e1cs a magyar nyelvter\u00fclet, k\u00fcl\u00f6n\u00f6sen a Sz\u00e9kelyf\u00f6ld kedvelt, jellegzetes s\u00fctem\u00e9nye. R\u00e9gebben f\u0151leg \u00fcnnepi alkalmakra k\u00e9sz\u00edtett\u00e9k. Els\u0151 ismert receptje gr\u00f3f zabolai Mikes M\u00e1ria 1784-es erd\u00e9lyi szak\u00e1csk\u00f6nyv\u00e9b\u0151l sz\u00e1rmazik. Az\u00a0eredeti [&hellip;]<\/p>\n","protected":false},"author":3,"featured_media":1377,"comment_status":"closed","ping_status":"closed","sticky":false,"template":"","format":"standard","meta":{"_monsterinsights_skip_tracking":false,"_monsterinsights_sitenote_active":false,"_monsterinsights_sitenote_note":"","_monsterinsights_sitenote_category":0},"categories":[1],"tags":[],"yoast_head":"<!-- This site is optimized with the Yoast SEO plugin v17.9 - https:\/\/yoast.com\/wordpress\/plugins\/seo\/ -->\n<title>Szuper hangulatban telt a 2. K\u00fcrt\u0151skal\u00e1cs Fesztiv\u00e1l - Transylwine Kft.<\/title>\n<meta name=\"description\" content=\"Ahonnan a Recas borai sem hi\u00e1nyozhattak, hiszen erd\u00e9lyi \u00e9telhez erd\u00e9lyi bor duk\u00e1l. Standunkn\u00e1l a Merlot-b\u00f3l k\u00e9sz\u00fclt Sole roz\u00e9 \u00e9s a Kakas Fekete le\u00e1nyka\" \/>\n<meta name=\"robots\" content=\"index, follow, max-snippet:-1, max-image-preview:large, max-video-preview:-1\" \/>\n<link rel=\"canonical\" href=\"http:\/\/transylwine.hu\/index.php\/2-kurtoskalacs-fesztival\/\" \/>\n<meta property=\"og:locale\" content=\"hu_HU\" \/>\n<meta property=\"og:type\" content=\"article\" \/>\n<meta property=\"og:title\" content=\"Szuper hangulatban telt a 2. K\u00fcrt\u0151skal\u00e1cs Fesztiv\u00e1l - Transylwine Kft.\" \/>\n<meta property=\"og:description\" content=\"Ahonnan a Recas borai sem hi\u00e1nyozhattak, hiszen erd\u00e9lyi \u00e9telhez erd\u00e9lyi bor duk\u00e1l. Standunkn\u00e1l a Merlot-b\u00f3l k\u00e9sz\u00fclt Sole roz\u00e9 \u00e9s a Kakas Fekete le\u00e1nyka\" \/>\n<meta property=\"og:url\" content=\"http:\/\/transylwine.hu\/index.php\/2-kurtoskalacs-fesztival\/\" \/>\n<meta property=\"og:site_name\" content=\"Transylwine Kft.\" \/>\n<meta property=\"article:published_time\" content=\"2014-10-15T11:06:10+00:00\" \/>\n<meta property=\"article:modified_time\" content=\"2022-01-21T08:32:06+00:00\" \/>\n<meta property=\"og:image\" content=\"http:\/\/transylwine.hu\/wp-content\/uploads\/2014\/10\/kalacs.jpg\" \/>\n\t<meta property=\"og:image:width\" content=\"336\" \/>\n\t<meta property=\"og:image:height\" content=\"223\" \/>\n\t<meta property=\"og:image:type\" content=\"image\/jpeg\" \/>\n<meta name=\"twitter:label1\" content=\"Szerz\u0151:\" \/>\n\t<meta name=\"twitter:data1\" content=\"Andr\u00e1s N\u00e1dasi\" \/>\n\t<meta name=\"twitter:label2\" content=\"Becs\u00fclt olvas\u00e1si id\u0151\" \/>\n\t<meta name=\"twitter:data2\" content=\"1 perc\" \/>\n<script type=\"application\/ld+json\" class=\"yoast-schema-graph\">{\"@context\":\"https:\/\/schema.org\",\"@graph\":[{\"@type\":\"WebSite\",\"@id\":\"https:\/\/transylwine.hu\/#website\",\"url\":\"https:\/\/transylwine.hu\/\",\"name\":\"Transylwine Kft.\",\"description\":\"Az erd\\u00e9lyi Recas borok magyarorsz\\u00e1gi forgalmaz\\u00f3ja\",\"potentialAction\":[{\"@type\":\"SearchAction\",\"target\":{\"@type\":\"EntryPoint\",\"urlTemplate\":\"https:\/\/transylwine.hu\/?s={search_term_string}\"},\"query-input\":\"required name=search_term_string\"}],\"inLanguage\":\"hu\"},{\"@type\":\"ImageObject\",\"@id\":\"http:\/\/transylwine.hu\/index.php\/2-kurtoskalacs-fesztival\/#primaryimage\",\"inLanguage\":\"hu\",\"url\":\"http:\/\/transylwine.hu\/wp-content\/uploads\/2014\/10\/kalacs.jpg\",\"contentUrl\":\"http:\/\/transylwine.hu\/wp-content\/uploads\/2014\/10\/kalacs.jpg\",\"width\":336,\"height\":223},{\"@type\":\"WebPage\",\"@id\":\"http:\/\/transylwine.hu\/index.php\/2-kurtoskalacs-fesztival\/#webpage\",\"url\":\"http:\/\/transylwine.hu\/index.php\/2-kurtoskalacs-fesztival\/\",\"name\":\"Szuper hangulatban telt a 2. K\\u00fcrt\\u0151skal\\u00e1cs Fesztiv\\u00e1l - Transylwine Kft.\",\"isPartOf\":{\"@id\":\"https:\/\/transylwine.hu\/#website\"},\"primaryImageOfPage\":{\"@id\":\"http:\/\/transylwine.hu\/index.php\/2-kurtoskalacs-fesztival\/#primaryimage\"},\"datePublished\":\"2014-10-15T11:06:10+00:00\",\"dateModified\":\"2022-01-21T08:32:06+00:00\",\"author\":{\"@id\":\"https:\/\/transylwine.hu\/#\/schema\/person\/aba914bfb800e79d133b569e2a1e84eb\"},\"description\":\"Ahonnan a Recas borai sem hi\\u00e1nyozhattak, hiszen erd\\u00e9lyi \\u00e9telhez erd\\u00e9lyi bor duk\\u00e1l. Standunkn\\u00e1l a Merlot-b\\u00f3l k\\u00e9sz\\u00fclt Sole roz\\u00e9 \\u00e9s a Kakas Fekete le\\u00e1nyka\",\"breadcrumb\":{\"@id\":\"http:\/\/transylwine.hu\/index.php\/2-kurtoskalacs-fesztival\/#breadcrumb\"},\"inLanguage\":\"hu\",\"potentialAction\":[{\"@type\":\"ReadAction\",\"target\":[\"http:\/\/transylwine.hu\/index.php\/2-kurtoskalacs-fesztival\/\"]}]},{\"@type\":\"BreadcrumbList\",\"@id\":\"http:\/\/transylwine.hu\/index.php\/2-kurtoskalacs-fesztival\/#breadcrumb\",\"itemListElement\":[{\"@type\":\"ListItem\",\"position\":1,\"name\":\"Home\",\"item\":\"https:\/\/transylwine.hu\/\"},{\"@type\":\"ListItem\",\"position\":2,\"name\":\"Szuper hangulatban telt a 2. K\\u00fcrt\\u0151skal\\u00e1cs Fesztiv\\u00e1l\"}]},{\"@type\":\"Person\",\"@id\":\"https:\/\/transylwine.hu\/#\/schema\/person\/aba914bfb800e79d133b569e2a1e84eb\",\"name\":\"Andr\\u00e1s N\\u00e1dasi\",\"image\":{\"@type\":\"ImageObject\",\"@id\":\"https:\/\/transylwine.hu\/#personlogo\",\"inLanguage\":\"hu\",\"url\":\"http:\/\/2.gravatar.com\/avatar\/ed8c3644e426dfb1b116a983505b706c?s=96&d=mm&r=g\",\"contentUrl\":\"http:\/\/2.gravatar.com\/avatar\/ed8c3644e426dfb1b116a983505b706c?s=96&d=mm&r=g\",\"caption\":\"Andr\\u00e1s N\\u00e1dasi\"},\"url\":\"http:\/\/transylwine.hu\/index.php\/author\/nadasian\/\"}]}<\/script>\n<!-- \/ Yoast SEO plugin. -->","yoast_head_json":{"title":"Szuper hangulatban telt a 2. K\u00fcrt\u0151skal\u00e1cs Fesztiv\u00e1l - Transylwine Kft.","description":"Ahonnan a Recas borai sem hi\u00e1nyozhattak, hiszen erd\u00e9lyi \u00e9telhez erd\u00e9lyi bor duk\u00e1l. Standunkn\u00e1l a Merlot-b\u00f3l k\u00e9sz\u00fclt Sole roz\u00e9 \u00e9s a Kakas Fekete le\u00e1nyka","robots":{"index":"index","follow":"follow","max-snippet":"max-snippet:-1","max-image-preview":"max-image-preview:large","max-video-preview":"max-video-preview:-1"},"canonical":"http:\/\/transylwine.hu\/index.php\/2-kurtoskalacs-fesztival\/","og_locale":"hu_HU","og_type":"article","og_title":"Szuper hangulatban telt a 2. K\u00fcrt\u0151skal\u00e1cs Fesztiv\u00e1l - Transylwine Kft.","og_description":"Ahonnan a Recas borai sem hi\u00e1nyozhattak, hiszen erd\u00e9lyi \u00e9telhez erd\u00e9lyi bor duk\u00e1l. Standunkn\u00e1l a Merlot-b\u00f3l k\u00e9sz\u00fclt Sole roz\u00e9 \u00e9s a Kakas Fekete le\u00e1nyka","og_url":"http:\/\/transylwine.hu\/index.php\/2-kurtoskalacs-fesztival\/","og_site_name":"Transylwine Kft.","article_published_time":"2014-10-15T11:06:10+00:00","article_modified_time":"2022-01-21T08:32:06+00:00","og_image":[{"width":336,"height":223,"url":"http:\/\/transylwine.hu\/wp-content\/uploads\/2014\/10\/kalacs.jpg","type":"image\/jpeg"}],"twitter_misc":{"Szerz\u0151:":"Andr\u00e1s N\u00e1dasi","Becs\u00fclt olvas\u00e1si id\u0151":"1 perc"},"schema":{"@context":"https:\/\/schema.org","@graph":[{"@type":"WebSite","@id":"https:\/\/transylwine.hu\/#website","url":"https:\/\/transylwine.hu\/","name":"Transylwine Kft.","description":"Az erd\u00e9lyi Recas borok magyarorsz\u00e1gi forgalmaz\u00f3ja","potentialAction":[{"@type":"SearchAction","target":{"@type":"EntryPoint","urlTemplate":"https:\/\/transylwine.hu\/?s={search_term_string}"},"query-input":"required name=search_term_string"}],"inLanguage":"hu"},{"@type":"ImageObject","@id":"http:\/\/transylwine.hu\/index.php\/2-kurtoskalacs-fesztival\/#primaryimage","inLanguage":"hu","url":"http:\/\/transylwine.hu\/wp-content\/uploads\/2014\/10\/kalacs.jpg","contentUrl":"http:\/\/transylwine.hu\/wp-content\/uploads\/2014\/10\/kalacs.jpg","width":336,"height":223},{"@type":"WebPage","@id":"http:\/\/transylwine.hu\/index.php\/2-kurtoskalacs-fesztival\/#webpage","url":"http:\/\/transylwine.hu\/index.php\/2-kurtoskalacs-fesztival\/","name":"Szuper hangulatban telt a 2. K\u00fcrt\u0151skal\u00e1cs Fesztiv\u00e1l - Transylwine Kft.","isPartOf":{"@id":"https:\/\/transylwine.hu\/#website"},"primaryImageOfPage":{"@id":"http:\/\/transylwine.hu\/index.php\/2-kurtoskalacs-fesztival\/#primaryimage"},"datePublished":"2014-10-15T11:06:10+00:00","dateModified":"2022-01-21T08:32:06+00:00","author":{"@id":"https:\/\/transylwine.hu\/#\/schema\/person\/aba914bfb800e79d133b569e2a1e84eb"},"description":"Ahonnan a Recas borai sem hi\u00e1nyozhattak, hiszen erd\u00e9lyi \u00e9telhez erd\u00e9lyi bor duk\u00e1l. Standunkn\u00e1l a Merlot-b\u00f3l k\u00e9sz\u00fclt Sole roz\u00e9 \u00e9s a Kakas Fekete le\u00e1nyka","breadcrumb":{"@id":"http:\/\/transylwine.hu\/index.php\/2-kurtoskalacs-fesztival\/#breadcrumb"},"inLanguage":"hu","potentialAction":[{"@type":"ReadAction","target":["http:\/\/transylwine.hu\/index.php\/2-kurtoskalacs-fesztival\/"]}]},{"@type":"BreadcrumbList","@id":"http:\/\/transylwine.hu\/index.php\/2-kurtoskalacs-fesztival\/#breadcrumb","itemListElement":[{"@type":"ListItem","position":1,"name":"Home","item":"https:\/\/transylwine.hu\/"},{"@type":"ListItem","position":2,"name":"Szuper hangulatban telt a 2. K\u00fcrt\u0151skal\u00e1cs Fesztiv\u00e1l"}]},{"@type":"Person","@id":"https:\/\/transylwine.hu\/#\/schema\/person\/aba914bfb800e79d133b569e2a1e84eb","name":"Andr\u00e1s N\u00e1dasi","image":{"@type":"ImageObject","@id":"https:\/\/transylwine.hu\/#personlogo","inLanguage":"hu","url":"http:\/\/2.gravatar.com\/avatar\/ed8c3644e426dfb1b116a983505b706c?s=96&d=mm&r=g","contentUrl":"http:\/\/2.gravatar.com\/avatar\/ed8c3644e426dfb1b116a983505b706c?s=96&d=mm&r=g","caption":"Andr\u00e1s N\u00e1dasi"},"url":"http:\/\/transylwine.hu\/index.php\/author\/nadasian\/"}]}},"_links":{"self":[{"href":"http:\/\/transylwine.hu\/index.php\/wp-json\/wp\/v2\/posts\/1376"}],"collection":[{"href":"http:\/\/transylwine.hu\/index.php\/wp-json\/wp\/v2\/posts"}],"about":[{"href":"http:\/\/transylwine.hu\/index.php\/wp-json\/wp\/v2\/types\/post"}],"author":[{"embeddable":true,"href":"http:\/\/transylwine.hu\/index.php\/wp-json\/wp\/v2\/users\/3"}],"replies":[{"embeddable":true,"href":"http:\/\/transylwine.hu\/index.php\/wp-json\/wp\/v2\/comments?post=1376"}],"version-history":[{"count":8,"href":"http:\/\/transylwine.hu\/index.php\/wp-json\/wp\/v2\/posts\/1376\/revisions"}],"predecessor-version":[{"id":3248,"href":"http:\/\/transylwine.hu\/index.php\/wp-json\/wp\/v2\/posts\/1376\/revisions\/3248"}],"wp:featuredmedia":[{"embeddable":true,"href":"http:\/\/transylwine.hu\/index.php\/wp-json\/wp\/v2\/media\/1377"}],"wp:attachment":[{"href":"http:\/\/transylwine.hu\/index.php\/wp-json\/wp\/v2\/media?parent=1376"}],"wp:term":[{"taxonomy":"category","embeddable":true,"href":"http:\/\/transylwine.hu\/index.php\/wp-json\/wp\/v2\/categories?post=1376"},{"taxonomy":"post_tag","embeddable":true,"href":"http:\/\/transylwine.hu\/index.php\/wp-json\/wp\/v2\/tags?post=1376"}],"curies":[{"name":"wp","href":"https:\/\/api.w.org\/{rel}","templated":true}]}}