{"id":1157,"date":"2014-05-23T11:26:10","date_gmt":"2014-05-23T09:26:10","guid":{"rendered":"http:\/\/transylwine.hu\/?p=1157"},"modified":"2022-01-21T09:32:54","modified_gmt":"2022-01-21T08:32:54","slug":"ujabb-nemzetkozi-elismeresek","status":"publish","type":"post","link":"http:\/\/transylwine.hu\/index.php\/ujabb-nemzetkozi-elismeresek\/","title":{"rendered":"\u00dajabb nemzetk\u00f6zi elismer\u00e9sek"},"content":{"rendered":"<p><!--:hu--><img src=\"http:\/\/transylwine.hu\/wp-content\/uploads\/2014\/05\/mundus-vini-aur-cramele-recas.jpg\" alt=\"D\u00edjnyertes Recas borok - Mundus Vini 2014\" align=\"right\" \/><br \/>\nN\u00e9metorsz\u00e1gban h\u00e1rom arany \u00e9s egy ez\u00fcst\u00e9rmet, Franciaorsz\u00e1gban pedig h\u00e1rom ez\u00fcst\u00e9rmet gy\u0171jt\u00f6ttek be a Recas borok 2014 tavasz\u00e1n. Egy \u00fajabb bizony\u00edt\u00e9k arra, hogy a pr\u00e9mium kateg\u00f3ri\u00e1s Recas borok vil\u00e1gsz\u00ednvonal\u00faak \u00e9s Eur\u00f3pa legrangosabb borki\u00e1ll\u00edt\u00e1sain is rendre j\u00f3l szerepelnek.<\/p>\n<p>N\u00e9zz\u00fck sorban a d\u00edjnyertes t\u00e9teleket, amelyek k\u00f6z\u00fcl az egyik webshopunkban is megv\u00e1s\u00e1rolhat\u00f3!<\/p>\n<p><strong>Mundus Vini 2014, N\u00e9metorsz\u00e1g<\/strong><br \/>\nSolo Quinta 2013 &#8211; Arany\u00e9rem<br \/>\nSelene Feteasca Neagra 2012 &#8211; Arany\u00e9rem<br \/>\nSelene Cabernet Sauvignon 2011 &#8211; Arany\u00e9rem<br \/>\nSole Chardonnay Barrique 2013 &#8211; Ez\u00fcst\u00e9rem<\/p>\n<p><strong>Vinalies Internationales 2014, Franciaorsz\u00e1g<\/strong><br \/>\nSelene Cabernet Sauvignon 2011 &#8211; Ez\u00fcst\u00e9rem<br \/>\nSelene Feteasca Neagra 2012 &#8211; Ez\u00fcst\u00e9rem<br \/>\nSole Roze 2013 &#8211; Ez\u00fcst\u00e9rem &#8211; <a href=\"http:\/\/transylwine.hu\/index.php\/termek\/sole-merlot-roze-2013\/\">Ez a t\u00e9tel el\u00e9rhet\u0151 webshopunkban<\/a><!--:--><\/p>\n","protected":false},"excerpt":{"rendered":"<p>N\u00e9metorsz\u00e1gban h\u00e1rom arany \u00e9s egy ez\u00fcst\u00e9rmet, Franciaorsz\u00e1gban pedig h\u00e1rom ez\u00fcst\u00e9rmet gy\u0171jt\u00f6ttek be a Recas borok 2014 tavasz\u00e1n. Egy \u00fajabb bizony\u00edt\u00e9k arra, hogy a pr\u00e9mium kateg\u00f3ri\u00e1s Recas borok vil\u00e1gsz\u00ednvonal\u00faak \u00e9s Eur\u00f3pa legrangosabb borki\u00e1ll\u00edt\u00e1sain is rendre j\u00f3l szerepelnek. N\u00e9zz\u00fck sorban a d\u00edjnyertes t\u00e9teleket, amelyek k\u00f6z\u00fcl az egyik webshopunkban is megv\u00e1s\u00e1rolhat\u00f3! Mundus Vini 2014, N\u00e9metorsz\u00e1g Solo Quinta 2013 [&hellip;]<\/p>\n","protected":false},"author":3,"featured_media":1158,"comment_status":"closed","ping_status":"closed","sticky":false,"template":"","format":"standard","meta":{"_monsterinsights_skip_tracking":false,"_monsterinsights_sitenote_active":false,"_monsterinsights_sitenote_note":"","_monsterinsights_sitenote_category":0},"categories":[109,1],"tags":[],"yoast_head":"<!-- This site is optimized with the Yoast SEO plugin v17.9 - https:\/\/yoast.com\/wordpress\/plugins\/seo\/ -->\n<title>\u00dajabb nemzetk\u00f6zi elismer\u00e9sek - Transylwine Kft.<\/title>\n<meta name=\"description\" content=\"N\u00e9metorsz\u00e1gban h\u00e1rom arany \u00e9s egy ez\u00fcst\u00e9rmet, Franciaorsz\u00e1gban pedig h\u00e1rom ez\u00fcst\u00e9rmet gy\u0171jt\u00f6ttek be a Recas borok 2014 tavasz\u00e1n. Egy \u00fajabb bizony\u00edt\u00e9k\" \/>\n<meta name=\"robots\" content=\"index, follow, max-snippet:-1, max-image-preview:large, max-video-preview:-1\" \/>\n<link rel=\"canonical\" href=\"http:\/\/transylwine.hu\/index.php\/ujabb-nemzetkozi-elismeresek\/\" \/>\n<meta property=\"og:locale\" content=\"hu_HU\" \/>\n<meta property=\"og:type\" content=\"article\" \/>\n<meta property=\"og:title\" content=\"\u00dajabb nemzetk\u00f6zi elismer\u00e9sek - Transylwine Kft.\" \/>\n<meta property=\"og:description\" content=\"N\u00e9metorsz\u00e1gban h\u00e1rom arany \u00e9s egy ez\u00fcst\u00e9rmet, Franciaorsz\u00e1gban pedig h\u00e1rom ez\u00fcst\u00e9rmet gy\u0171jt\u00f6ttek be a Recas borok 2014 tavasz\u00e1n. Egy \u00fajabb bizony\u00edt\u00e9k\" \/>\n<meta property=\"og:url\" content=\"http:\/\/transylwine.hu\/index.php\/ujabb-nemzetkozi-elismeresek\/\" \/>\n<meta property=\"og:site_name\" content=\"Transylwine Kft.\" \/>\n<meta property=\"article:published_time\" content=\"2014-05-23T09:26:10+00:00\" \/>\n<meta property=\"article:modified_time\" content=\"2022-01-21T08:32:54+00:00\" \/>\n<meta property=\"og:image\" content=\"http:\/\/transylwine.hu\/wp-content\/uploads\/2014\/05\/mundus-vini-aur-cramele-recas.jpg\" \/>\n\t<meta property=\"og:image:width\" content=\"436\" \/>\n\t<meta property=\"og:image:height\" content=\"617\" \/>\n\t<meta property=\"og:image:type\" content=\"image\/jpeg\" \/>\n<meta name=\"twitter:label1\" content=\"Szerz\u0151:\" \/>\n\t<meta name=\"twitter:data1\" content=\"Andr\u00e1s N\u00e1dasi\" \/>\n\t<meta name=\"twitter:label2\" content=\"Becs\u00fclt olvas\u00e1si id\u0151\" \/>\n\t<meta name=\"twitter:data2\" content=\"1 perc\" \/>\n<script type=\"application\/ld+json\" class=\"yoast-schema-graph\">{\"@context\":\"https:\/\/schema.org\",\"@graph\":[{\"@type\":\"WebSite\",\"@id\":\"http:\/\/transylwine.hu\/#website\",\"url\":\"http:\/\/transylwine.hu\/\",\"name\":\"Transylwine Kft.\",\"description\":\"Az erd\\u00e9lyi Recas borok magyarorsz\\u00e1gi forgalmaz\\u00f3ja\",\"potentialAction\":[{\"@type\":\"SearchAction\",\"target\":{\"@type\":\"EntryPoint\",\"urlTemplate\":\"http:\/\/transylwine.hu\/?s={search_term_string}\"},\"query-input\":\"required name=search_term_string\"}],\"inLanguage\":\"hu\"},{\"@type\":\"ImageObject\",\"@id\":\"http:\/\/transylwine.hu\/index.php\/ujabb-nemzetkozi-elismeresek\/#primaryimage\",\"inLanguage\":\"hu\",\"url\":\"http:\/\/transylwine.hu\/wp-content\/uploads\/2014\/05\/mundus-vini-aur-cramele-recas.jpg\",\"contentUrl\":\"http:\/\/transylwine.hu\/wp-content\/uploads\/2014\/05\/mundus-vini-aur-cramele-recas.jpg\",\"width\":436,\"height\":617},{\"@type\":\"WebPage\",\"@id\":\"http:\/\/transylwine.hu\/index.php\/ujabb-nemzetkozi-elismeresek\/#webpage\",\"url\":\"http:\/\/transylwine.hu\/index.php\/ujabb-nemzetkozi-elismeresek\/\",\"name\":\"\\u00dajabb nemzetk\\u00f6zi elismer\\u00e9sek - Transylwine Kft.\",\"isPartOf\":{\"@id\":\"http:\/\/transylwine.hu\/#website\"},\"primaryImageOfPage\":{\"@id\":\"http:\/\/transylwine.hu\/index.php\/ujabb-nemzetkozi-elismeresek\/#primaryimage\"},\"datePublished\":\"2014-05-23T09:26:10+00:00\",\"dateModified\":\"2022-01-21T08:32:54+00:00\",\"author\":{\"@id\":\"http:\/\/transylwine.hu\/#\/schema\/person\/aba914bfb800e79d133b569e2a1e84eb\"},\"description\":\"N\\u00e9metorsz\\u00e1gban h\\u00e1rom arany \\u00e9s egy ez\\u00fcst\\u00e9rmet, Franciaorsz\\u00e1gban pedig h\\u00e1rom ez\\u00fcst\\u00e9rmet gy\\u0171jt\\u00f6ttek be a Recas borok 2014 tavasz\\u00e1n. Egy \\u00fajabb bizony\\u00edt\\u00e9k\",\"breadcrumb\":{\"@id\":\"http:\/\/transylwine.hu\/index.php\/ujabb-nemzetkozi-elismeresek\/#breadcrumb\"},\"inLanguage\":\"hu\",\"potentialAction\":[{\"@type\":\"ReadAction\",\"target\":[\"http:\/\/transylwine.hu\/index.php\/ujabb-nemzetkozi-elismeresek\/\"]}]},{\"@type\":\"BreadcrumbList\",\"@id\":\"http:\/\/transylwine.hu\/index.php\/ujabb-nemzetkozi-elismeresek\/#breadcrumb\",\"itemListElement\":[{\"@type\":\"ListItem\",\"position\":1,\"name\":\"Home\",\"item\":\"https:\/\/transylwine.hu\/\"},{\"@type\":\"ListItem\",\"position\":2,\"name\":\"\\u00dajabb nemzetk\\u00f6zi elismer\\u00e9sek\"}]},{\"@type\":\"Person\",\"@id\":\"http:\/\/transylwine.hu\/#\/schema\/person\/aba914bfb800e79d133b569e2a1e84eb\",\"name\":\"Andr\\u00e1s N\\u00e1dasi\",\"image\":{\"@type\":\"ImageObject\",\"@id\":\"http:\/\/transylwine.hu\/#personlogo\",\"inLanguage\":\"hu\",\"url\":\"http:\/\/2.gravatar.com\/avatar\/ed8c3644e426dfb1b116a983505b706c?s=96&d=mm&r=g\",\"contentUrl\":\"http:\/\/2.gravatar.com\/avatar\/ed8c3644e426dfb1b116a983505b706c?s=96&d=mm&r=g\",\"caption\":\"Andr\\u00e1s N\\u00e1dasi\"},\"url\":\"http:\/\/transylwine.hu\/index.php\/author\/nadasian\/\"}]}<\/script>\n<!-- \/ Yoast SEO plugin. -->","yoast_head_json":{"title":"\u00dajabb nemzetk\u00f6zi elismer\u00e9sek - Transylwine Kft.","description":"N\u00e9metorsz\u00e1gban h\u00e1rom arany \u00e9s egy ez\u00fcst\u00e9rmet, Franciaorsz\u00e1gban pedig h\u00e1rom ez\u00fcst\u00e9rmet gy\u0171jt\u00f6ttek be a Recas borok 2014 tavasz\u00e1n. Egy \u00fajabb bizony\u00edt\u00e9k","robots":{"index":"index","follow":"follow","max-snippet":"max-snippet:-1","max-image-preview":"max-image-preview:large","max-video-preview":"max-video-preview:-1"},"canonical":"http:\/\/transylwine.hu\/index.php\/ujabb-nemzetkozi-elismeresek\/","og_locale":"hu_HU","og_type":"article","og_title":"\u00dajabb nemzetk\u00f6zi elismer\u00e9sek - Transylwine Kft.","og_description":"N\u00e9metorsz\u00e1gban h\u00e1rom arany \u00e9s egy ez\u00fcst\u00e9rmet, Franciaorsz\u00e1gban pedig h\u00e1rom ez\u00fcst\u00e9rmet gy\u0171jt\u00f6ttek be a Recas borok 2014 tavasz\u00e1n. Egy \u00fajabb bizony\u00edt\u00e9k","og_url":"http:\/\/transylwine.hu\/index.php\/ujabb-nemzetkozi-elismeresek\/","og_site_name":"Transylwine Kft.","article_published_time":"2014-05-23T09:26:10+00:00","article_modified_time":"2022-01-21T08:32:54+00:00","og_image":[{"width":436,"height":617,"url":"http:\/\/transylwine.hu\/wp-content\/uploads\/2014\/05\/mundus-vini-aur-cramele-recas.jpg","type":"image\/jpeg"}],"twitter_misc":{"Szerz\u0151:":"Andr\u00e1s N\u00e1dasi","Becs\u00fclt olvas\u00e1si id\u0151":"1 perc"},"schema":{"@context":"https:\/\/schema.org","@graph":[{"@type":"WebSite","@id":"http:\/\/transylwine.hu\/#website","url":"http:\/\/transylwine.hu\/","name":"Transylwine Kft.","description":"Az erd\u00e9lyi Recas borok magyarorsz\u00e1gi forgalmaz\u00f3ja","potentialAction":[{"@type":"SearchAction","target":{"@type":"EntryPoint","urlTemplate":"http:\/\/transylwine.hu\/?s={search_term_string}"},"query-input":"required name=search_term_string"}],"inLanguage":"hu"},{"@type":"ImageObject","@id":"http:\/\/transylwine.hu\/index.php\/ujabb-nemzetkozi-elismeresek\/#primaryimage","inLanguage":"hu","url":"http:\/\/transylwine.hu\/wp-content\/uploads\/2014\/05\/mundus-vini-aur-cramele-recas.jpg","contentUrl":"http:\/\/transylwine.hu\/wp-content\/uploads\/2014\/05\/mundus-vini-aur-cramele-recas.jpg","width":436,"height":617},{"@type":"WebPage","@id":"http:\/\/transylwine.hu\/index.php\/ujabb-nemzetkozi-elismeresek\/#webpage","url":"http:\/\/transylwine.hu\/index.php\/ujabb-nemzetkozi-elismeresek\/","name":"\u00dajabb nemzetk\u00f6zi elismer\u00e9sek - Transylwine Kft.","isPartOf":{"@id":"http:\/\/transylwine.hu\/#website"},"primaryImageOfPage":{"@id":"http:\/\/transylwine.hu\/index.php\/ujabb-nemzetkozi-elismeresek\/#primaryimage"},"datePublished":"2014-05-23T09:26:10+00:00","dateModified":"2022-01-21T08:32:54+00:00","author":{"@id":"http:\/\/transylwine.hu\/#\/schema\/person\/aba914bfb800e79d133b569e2a1e84eb"},"description":"N\u00e9metorsz\u00e1gban h\u00e1rom arany \u00e9s egy ez\u00fcst\u00e9rmet, Franciaorsz\u00e1gban pedig h\u00e1rom ez\u00fcst\u00e9rmet gy\u0171jt\u00f6ttek be a Recas borok 2014 tavasz\u00e1n. Egy \u00fajabb bizony\u00edt\u00e9k","breadcrumb":{"@id":"http:\/\/transylwine.hu\/index.php\/ujabb-nemzetkozi-elismeresek\/#breadcrumb"},"inLanguage":"hu","potentialAction":[{"@type":"ReadAction","target":["http:\/\/transylwine.hu\/index.php\/ujabb-nemzetkozi-elismeresek\/"]}]},{"@type":"BreadcrumbList","@id":"http:\/\/transylwine.hu\/index.php\/ujabb-nemzetkozi-elismeresek\/#breadcrumb","itemListElement":[{"@type":"ListItem","position":1,"name":"Home","item":"https:\/\/transylwine.hu\/"},{"@type":"ListItem","position":2,"name":"\u00dajabb nemzetk\u00f6zi elismer\u00e9sek"}]},{"@type":"Person","@id":"http:\/\/transylwine.hu\/#\/schema\/person\/aba914bfb800e79d133b569e2a1e84eb","name":"Andr\u00e1s N\u00e1dasi","image":{"@type":"ImageObject","@id":"http:\/\/transylwine.hu\/#personlogo","inLanguage":"hu","url":"http:\/\/2.gravatar.com\/avatar\/ed8c3644e426dfb1b116a983505b706c?s=96&d=mm&r=g","contentUrl":"http:\/\/2.gravatar.com\/avatar\/ed8c3644e426dfb1b116a983505b706c?s=96&d=mm&r=g","caption":"Andr\u00e1s N\u00e1dasi"},"url":"http:\/\/transylwine.hu\/index.php\/author\/nadasian\/"}]}},"_links":{"self":[{"href":"http:\/\/transylwine.hu\/index.php\/wp-json\/wp\/v2\/posts\/1157"}],"collection":[{"href":"http:\/\/transylwine.hu\/index.php\/wp-json\/wp\/v2\/posts"}],"about":[{"href":"http:\/\/transylwine.hu\/index.php\/wp-json\/wp\/v2\/types\/post"}],"author":[{"embeddable":true,"href":"http:\/\/transylwine.hu\/index.php\/wp-json\/wp\/v2\/users\/3"}],"replies":[{"embeddable":true,"href":"http:\/\/transylwine.hu\/index.php\/wp-json\/wp\/v2\/comments?post=1157"}],"version-history":[{"count":10,"href":"http:\/\/transylwine.hu\/index.php\/wp-json\/wp\/v2\/posts\/1157\/revisions"}],"predecessor-version":[{"id":1445,"href":"http:\/\/transylwine.hu\/index.php\/wp-json\/wp\/v2\/posts\/1157\/revisions\/1445"}],"wp:featuredmedia":[{"embeddable":true,"href":"http:\/\/transylwine.hu\/index.php\/wp-json\/wp\/v2\/media\/1158"}],"wp:attachment":[{"href":"http:\/\/transylwine.hu\/index.php\/wp-json\/wp\/v2\/media?parent=1157"}],"wp:term":[{"taxonomy":"category","embeddable":true,"href":"http:\/\/transylwine.hu\/index.php\/wp-json\/wp\/v2\/categories?post=1157"},{"taxonomy":"post_tag","embeddable":true,"href":"http:\/\/transylwine.hu\/index.php\/wp-json\/wp\/v2\/tags?post=1157"}],"curies":[{"name":"wp","href":"https:\/\/api.w.org\/{rel}","templated":true}]}}